{"id":121077,"date":"2021-07-11T09:15:00","date_gmt":"2021-07-11T13:15:00","guid":{"rendered":"https:\/\/linitiative.ca\/International\/un-cador-allemand-entre-en-course-pour-cody-gakpo\/"},"modified":"2021-07-11T09:15:00","modified_gmt":"2021-07-11T13:15:00","slug":"un-cador-allemand-entre-en-course-pour-cody-gakpo","status":"publish","type":"post","link":"https:\/\/linitiative.ca\/International\/un-cador-allemand-entre-en-course-pour-cody-gakpo\/","title":{"rendered":"Un cador allemand entre en course pour Cody Gakpo"},"content":{"rendered":"<div>\u00c2g\u00e9 de 22 ans, le jeune attaquant du PSV Eindhoven, Cody Gakpo, a tap\u00e9 dans l\u2019oeil de plusieurs \u00e9curies europ\u00e9ennes.<img loading=\"lazy\" decoding=\"async\" src=\"http:\/\/feeds.feedburner.com\/~r\/GalerieFArtciles\/~4\/dIANfr8go6M\" height=\"1\" width=\"1\" alt=\"\"><\/div>\n<p>Auteur:<br \/>\n<a href=\"http:\/\/www.lebuteur.com\/article\/detail?titre=un-cador-allemand-entre-en-course-pour-cody-gakpo&#038;id=100601&#038;utm_source=feedburner&#038;utm_medium=feed&#038;utm_campaign=Feed%3A+GalerieFArtciles+%28Les+derniers+articles++-+lebuteur.com%29\">Cliquez ici pour lire l&rsquo;article depuis sa source.<\/a><\/p>\n","protected":false},"excerpt":{"rendered":"<p>\u00c2g\u00e9 de 22 ans, le jeune attaquant du PSV Eindhoven, Cody Gakpo, a tap\u00e9 dans l\u2019oeil de plusieurs \u00e9curies europ\u00e9ennes. Auteur: Cliquez ici pour lire l&rsquo;article depuis sa source.<\/p>\n","protected":false},"author":1738,"featured_media":0,"comment_status":"closed","ping_status":"closed","sticky":false,"template":"","format":"standard","meta":{"fifu_image_url":"http:\/\/feeds.feedburner.com\/~r\/GalerieFArtciles\/~4\/dIANfr8go6M","fifu_image_alt":"Un cador allemand entre en course pour Cody Gakpo","footnotes":""},"categories":[53,75],"tags":[],"class_list":["post-121077","post","type-post","status-publish","format-standard","hentry","category-algerie","category-sport"],"_links":{"self":[{"href":"https:\/\/linitiative.ca\/International\/wp-json\/wp\/v2\/posts\/121077","targetHints":{"allow":["GET"]}}],"collection":[{"href":"https:\/\/linitiative.ca\/International\/wp-json\/wp\/v2\/posts"}],"about":[{"href":"https:\/\/linitiative.ca\/International\/wp-json\/wp\/v2\/types\/post"}],"author":[{"embeddable":true,"href":"https:\/\/linitiative.ca\/International\/wp-json\/wp\/v2\/users\/1738"}],"replies":[{"embeddable":true,"href":"https:\/\/linitiative.ca\/International\/wp-json\/wp\/v2\/comments?post=121077"}],"version-history":[{"count":0,"href":"https:\/\/linitiative.ca\/International\/wp-json\/wp\/v2\/posts\/121077\/revisions"}],"wp:attachment":[{"href":"https:\/\/linitiative.ca\/International\/wp-json\/wp\/v2\/media?parent=121077"}],"wp:term":[{"taxonomy":"category","embeddable":true,"href":"https:\/\/linitiative.ca\/International\/wp-json\/wp\/v2\/categories?post=121077"},{"taxonomy":"post_tag","embeddable":true,"href":"https:\/\/linitiative.ca\/International\/wp-json\/wp\/v2\/tags?post=121077"}],"curies":[{"name":"wp","href":"https:\/\/api.w.org\/{rel}","templated":true}]}}