{"id":121081,"date":"2021-07-11T15:25:42","date_gmt":"2021-07-11T19:25:42","guid":{"rendered":"https:\/\/linitiative.ca\/International\/manifestations-de-chomeurs-le-wali-de-ouargla-recoit-les-notables-de-ouargla-et-de-ain-al-baida\/"},"modified":"2021-07-11T15:25:42","modified_gmt":"2021-07-11T19:25:42","slug":"manifestations-de-chomeurs-le-wali-de-ouargla-recoit-les-notables-de-ouargla-et-de-ain-al-baida","status":"publish","type":"post","link":"https:\/\/linitiative.ca\/International\/manifestations-de-chomeurs-le-wali-de-ouargla-recoit-les-notables-de-ouargla-et-de-ain-al-baida\/","title":{"rendered":"Manifestations de ch\u00f4meurs : Le Wali de Ouargla re\u00e7oit les notables de Ouargla et de Ain Al Baida"},"content":{"rendered":"<div>\n<div class=\"sriret\"><img decoding=\"async\" src=\"https:\/\/linitiative.ca\/International\/wp-content\/uploads\/sites\/23\/2021\/07\/default-picture-709x366_c-7.jpg\"><\/div>\n<p style=\"text-align: left;\">Routes caillass\u00e9es, restes de pneus et de troncs d\u2019arbres enfum\u00e9s, les rues de Ouargla vivent depuis quatre jours au rythme des \u00e9meutes des demandeurs d\u2019emploi affrontant les policiers \u00e0 coup de pierres et investissent la rue d\u00e9s la tomb\u00e9e de la nuit apr\u00e8s des \u00e9chauffour\u00e9es pendant la journ\u00e9e.<\/p>\n<p>La rue ne d\u00e9col\u00e8re pas \u00e0 Ouargla ou les jeunes mettent le feu \u00e0 la chauss\u00e9e bloquant ainsi les transports publics et ferment la circulation aux automobilistes qui sont oblig\u00e9s de rejoindre les axes p\u00e9riph\u00e9riques de la ville pour se d\u00e9placer d\u2019un quartier \u00e0 un autre.<\/p>\n<p>De timides appels au calme n\u2019osant pas se faire trop insistants sont \u00e0 peine audibles dans la sph\u00e8re locale qui donne raison \u00e0 la r\u00e9volte des jeunes m\u00eame si elle d\u00e9sapprouve la m\u00e9thode inflig\u00e9e \u00e0 la population, ces jeunes refusent toute repr\u00e9sentativit\u00e9 \u00e0 quiconque et font du blocage des routes un moyen de pression exigeant quelque 7000 postes directs avant toute n\u00e9gociation avec les autorit\u00e9s<\/p>\n<p>C\u2019est ainsi que les violences \u00e9clatent chaque soir apr\u00e8s que les forces anti\u00e9meute, cibl\u00e9es par des jets de pierres, repoussent les manifestants vers leurs quartiers \u00e0 l\u2019aide de gaz lacrymog\u00e8nes pour pr\u00e9server la ligne du tramway et les \u00e9difices publics alentours.<\/p>\n<p>La fum\u00e9e noire n\u2019a donc pas quitt\u00e9 le ciel malgr\u00e9 l\u2019annonce par la cellule de communication que le wali Abou Bakr Seddik Boucetta, a re\u00e7u, au cours du week-end, des dignitaires, des cheikhs, des imams et des repr\u00e9sentants de la soci\u00e9t\u00e9 civile des communes de Ouargla et Ain Al Baida.<\/p>\n<p>Sans laisser filtrer aucune information sur des d\u00e9cisions ou mesures d\u2019apaisement prises lors de cette audience officielle, le communiqu\u00e9 mis en ligne dimanche, a d\u00e9clar\u00e9 que le motif de la rencontre \u00e9tait l\u2019\u00e9coute des pr\u00e9occupations des repr\u00e9sentants des citoyens concernant la situation pr\u00e9valant actuellement dans la wilaya, la radio locale de Ouargla a annonc\u00e9 que le wali allait s\u2019exprimer \u00e0 ce sujet ce soir sur ses ondes.<\/p>\n<p>Entre-temps, les protestataires promettent une nouvelle escalade des protestations dimanche soir.<\/p>\n<p>Des violences urbaines qui semblent \u00e9chapper \u00e0 toute ma\u00eetrise depuis plus de quatre jours d\u2019affrontement continus avec les forces de l\u2019ordre<\/p>\n<p>Les manifestants \u00e9voquent un cocktail aux multiples ingr\u00e9dients dont le principal est la col\u00e8re nourrie par le refus des autorit\u00e9s de trouver des solutions concr\u00e8tes aux d\u00e9passements concernant le dossier de l\u2019emploi notamment la gestion des offres au sein de l\u2019ANEM. Ces derniers exigent une enqu\u00eate sur le dossier de l\u2019emploi, le d\u00e9part imm\u00e9diat et la traduction devant les tribunaux des responsables incrimin\u00e9s dans ce dossier. Dimanche matin, El Borma, Touggourt, Frane, Ngoussa se sont jointes au mouvement de protestation en mettant le feu aux entr\u00e9es des agglom\u00e9rations signe de fermeture des axes routiers \u00e0 la circulation automobile.<\/p>\n<p>Au chef-lieu de la wilaya d\u2019El Gol\u00e9a, une cinquantaine de jeunes ont organis\u00e9 dimanche une marche de protestation exigeant des postes d\u2019emploi et des actions de d\u00e9veloppement de leur ville.<\/p>\n<p style=\"text-align: right;\">Ouargla. De notre correspondante<\/p>\n<p>L\u2019article <a rel=\"nofollow\" href=\"https:\/\/www.elwatan.com\/edition\/actualite\/manifestations-de-chomeurs-le-wali-de-ouargla-recoit-les-notables-de-ouargla-et-de-ain-al-baida-11-07-2021\">Manifestations de ch\u00f4meurs : Le Wali de Ouargla re\u00e7oit les notables de Ouargla et de Ain Al Baida<\/a> est apparu en premier sur <a rel=\"nofollow\" href=\"https:\/\/www.elwatan.com\/\">El Watan<\/a>.<\/p>\n<\/div>\n<p>Auteur: Mohand Yahiaoui<br \/>\n<a href=\"https:\/\/www.elwatan.com\/edition\/actualite\/manifestations-de-chomeurs-le-wali-de-ouargla-recoit-les-notables-de-ouargla-et-de-ain-al-baida-11-07-2021\">Cliquez ici pour lire l&rsquo;article depuis sa source.<\/a><\/p>\n","protected":false},"excerpt":{"rendered":"<p>Routes caillass\u00e9es, restes de pneus et de troncs d\u2019arbres enfum\u00e9s, les rues de Ouargla vivent depuis quatre jours au rythme des \u00e9meutes des demandeurs d\u2019emploi affrontant les policiers \u00e0 coup de pierres et investissent la rue d\u00e9s la tomb\u00e9e de la nuit apr\u00e8s des \u00e9chauffour\u00e9es pendant la journ\u00e9e. La rue ne d\u00e9col\u00e8re pas \u00e0 Ouargla [&hellip;]<\/p>\n","protected":false},"author":1743,"featured_media":0,"comment_status":"closed","ping_status":"closed","sticky":false,"template":"","format":"standard","meta":{"fifu_image_url":"https:\/\/www.elwatan.com\/wp-content\/themes\/spectr\/img\/default-picture-709x366_c.jpg","fifu_image_alt":"Manifestations de ch\u00f4meurs : Le Wali de Ouargla re\u00e7oit les notables de Ouargla et de Ain Al Baida","footnotes":""},"categories":[73,53],"tags":[],"class_list":["post-121081","post","type-post","status-publish","format-standard","hentry","category-actualite","category-algerie"],"_links":{"self":[{"href":"https:\/\/linitiative.ca\/International\/wp-json\/wp\/v2\/posts\/121081","targetHints":{"allow":["GET"]}}],"collection":[{"href":"https:\/\/linitiative.ca\/International\/wp-json\/wp\/v2\/posts"}],"about":[{"href":"https:\/\/linitiative.ca\/International\/wp-json\/wp\/v2\/types\/post"}],"author":[{"embeddable":true,"href":"https:\/\/linitiative.ca\/International\/wp-json\/wp\/v2\/users\/1743"}],"replies":[{"embeddable":true,"href":"https:\/\/linitiative.ca\/International\/wp-json\/wp\/v2\/comments?post=121081"}],"version-history":[{"count":0,"href":"https:\/\/linitiative.ca\/International\/wp-json\/wp\/v2\/posts\/121081\/revisions"}],"wp:attachment":[{"href":"https:\/\/linitiative.ca\/International\/wp-json\/wp\/v2\/media?parent=121081"}],"wp:term":[{"taxonomy":"category","embeddable":true,"href":"https:\/\/linitiative.ca\/International\/wp-json\/wp\/v2\/categories?post=121081"},{"taxonomy":"post_tag","embeddable":true,"href":"https:\/\/linitiative.ca\/International\/wp-json\/wp\/v2\/tags?post=121081"}],"curies":[{"name":"wp","href":"https:\/\/api.w.org\/{rel}","templated":true}]}}