{"id":121083,"date":"2021-07-11T08:51:00","date_gmt":"2021-07-11T12:51:00","guid":{"rendered":"https:\/\/linitiative.ca\/International\/mohamed-abbou-ou-robespierre-contre-limpunite-des-tas-de-dossiers-ne-sont-pas-encore-tranches-par-la-justice\/"},"modified":"2021-07-11T08:51:00","modified_gmt":"2021-07-11T12:51:00","slug":"mohamed-abbou-ou-robespierre-contre-limpunite-des-tas-de-dossiers-ne-sont-pas-encore-tranches-par-la-justice","status":"publish","type":"post","link":"https:\/\/linitiative.ca\/International\/mohamed-abbou-ou-robespierre-contre-limpunite-des-tas-de-dossiers-ne-sont-pas-encore-tranches-par-la-justice\/","title":{"rendered":"Mohamed Abbou ou Robespierre contre l\u2019impunit\u00e9: Des tas de dossiers ne sont pas encore tranch\u00e9s par la justice"},"content":{"rendered":"<div><img decoding=\"async\" src=\"https:\/\/linitiative.ca\/International\/wp-content\/uploads\/sites\/23\/2021\/07\/1626008483_article.jpg\" alt=\"Mohamed Abbou ou Robespierre contre l\u2019impunit\u00e9: Des tas de dossiers ne sont pas encotre tranch\u00e9s par la justice\" align=\"left\">Mohamed Abbou est furieux. Particuli\u00e8rement contre certains magistrats et le minist\u00e8re de l\u2019Int\u00e9rieur. Combien de fois a-t-il saisi le parquet de dossiers de malversation. En vain, d\u00e9plore-t-il avec amertume. Un procureur de la R\u00e9publique, rapporte Abbou, a fait fi des instructions de la ministre de la Justice d\u2019ouvrir une enqu\u00eate et de d\u00e9livrer un mandat de d\u00e9p\u00f4t contre un individu qui a prof\u00e9r\u00e9 publiquement des menaces de mort et d\u2019inciter un fonctionnaire, exclu de ses fonctions, \u00e0 ne pas obtemp\u00e9rer \u00e0 cette d\u00e9cision et de continuer \u00e0 se rendre \u00e0 son bureau.<br \/>\nUn magistrat conseiller \u00e0 la Kasbah devait \u00eatre \u00e9cart\u00e9&#8230; il a \u00e9t\u00e9 promu avec rang de ministre<br \/>\nUn &#8230;<\/p>\n<\/div>\n<p>Auteur:<br \/>\n<a href=\"https:\/\/www.leaders.com.tn\/article\/32134-mohamed-abbou-ou-robespierre-contre-l-impunite-des-tas-de-dossiers-ne-sont-pas-encotre-tranches-par-la-justice\">Cliquez ici pour lire l&rsquo;article depuis sa source.<\/a><\/p>\n","protected":false},"excerpt":{"rendered":"<p>Mohamed Abbou est furieux. Particuli\u00e8rement contre certains magistrats et le minist\u00e8re de l\u2019Int\u00e9rieur. Combien de fois a-t-il saisi le parquet de dossiers de malversation. En vain, d\u00e9plore-t-il avec amertume. Un procureur de la R\u00e9publique, rapporte Abbou, a fait fi des instructions de la ministre de la Justice d\u2019ouvrir une enqu\u00eate et de d\u00e9livrer un mandat [&hellip;]<\/p>\n","protected":false},"author":1772,"featured_media":0,"comment_status":"closed","ping_status":"closed","sticky":false,"template":"","format":"standard","meta":{"fifu_image_url":"http:\/\/www.leaders.com.tn\/uploads\/content\/thumbnails_small\/1626008483_article.jpg","fifu_image_alt":"Mohamed Abbou ou Robespierre contre l\u2019impunit\u00e9: Des tas de dossiers ne sont pas encore tranch\u00e9s par la justice","footnotes":""},"categories":[73,55],"tags":[],"class_list":["post-121083","post","type-post","status-publish","format-standard","hentry","category-actualite","category-tunisie"],"_links":{"self":[{"href":"https:\/\/linitiative.ca\/International\/wp-json\/wp\/v2\/posts\/121083","targetHints":{"allow":["GET"]}}],"collection":[{"href":"https:\/\/linitiative.ca\/International\/wp-json\/wp\/v2\/posts"}],"about":[{"href":"https:\/\/linitiative.ca\/International\/wp-json\/wp\/v2\/types\/post"}],"author":[{"embeddable":true,"href":"https:\/\/linitiative.ca\/International\/wp-json\/wp\/v2\/users\/1772"}],"replies":[{"embeddable":true,"href":"https:\/\/linitiative.ca\/International\/wp-json\/wp\/v2\/comments?post=121083"}],"version-history":[{"count":0,"href":"https:\/\/linitiative.ca\/International\/wp-json\/wp\/v2\/posts\/121083\/revisions"}],"wp:attachment":[{"href":"https:\/\/linitiative.ca\/International\/wp-json\/wp\/v2\/media?parent=121083"}],"wp:term":[{"taxonomy":"category","embeddable":true,"href":"https:\/\/linitiative.ca\/International\/wp-json\/wp\/v2\/categories?post=121083"},{"taxonomy":"post_tag","embeddable":true,"href":"https:\/\/linitiative.ca\/International\/wp-json\/wp\/v2\/tags?post=121083"}],"curies":[{"name":"wp","href":"https:\/\/api.w.org\/{rel}","templated":true}]}}