{"id":121087,"date":"2021-07-11T07:29:39","date_gmt":"2021-07-11T11:29:39","guid":{"rendered":"https:\/\/linitiative.ca\/International\/qui-est-jose-manuel-albares-le-nouveau-fer-de-lance-de-la-diplomatie-espagnole\/"},"modified":"2021-07-11T07:29:39","modified_gmt":"2021-07-11T11:29:39","slug":"qui-est-jose-manuel-albares-le-nouveau-fer-de-lance-de-la-diplomatie-espagnole","status":"publish","type":"post","link":"https:\/\/linitiative.ca\/International\/qui-est-jose-manuel-albares-le-nouveau-fer-de-lance-de-la-diplomatie-espagnole\/","title":{"rendered":"Qui est Jos\u00e9 Manuel Albares, le nouveau fer de lance de la diplomatie espagnole ?"},"content":{"rendered":"<div><img decoding=\"async\" width=\"500\" height=\"410\" src=\"https:\/\/linitiative.ca\/International\/wp-content\/uploads\/sites\/23\/2021\/07\/ESPAGNE.jpg\" class=\"attachment-post-thumbnail size-post-thumbnail wp-post-image\" alt=\"\" loading=\"lazy\" srcset=\"https:\/\/linitiative.ca\/International\/wp-content\/uploads\/sites\/23\/2021\/07\/ESPAGNE.jpg 500w, https:\/\/www.challenge.ma\/wp-content\/uploads\/2021\/07\/ESPAGNE-300x246.jpg 300w, https:\/\/www.challenge.ma\/wp-content\/uploads\/2021\/07\/ESPAGNE-360x295.jpg 360w\" sizes=\"auto, (max-width: 500px) 100vw, 500px\" itemprop=\"image\">La cheffe de la diplomatie espagnole Arancha Gonzalez Laya, fortement critiqu\u00e9e par les milieux politiques espagnols pour sa gestion de plusieurs dossiers sensibles dont particuli\u00e8rement la r\u00e9cente crise diplomatique avec le Maroc li\u00e9e \u00e0 l\u2019hospitalisation en Espagne de Brahim Ghali, le chef du Front Polisario, a \u00e9t\u00e9 remplac\u00e9e par Jos\u00e9<\/div>\n<p>Auteur: Adama Sylla<br \/>\n<a href=\"https:\/\/www.challenge.ma\/qui-est-jose-manuel-albares-le-nouveau-fer-de-lance-de-la-diplomatie-espagnole-192186\/\">Cliquez ici pour lire l&rsquo;article depuis sa source.<\/a><\/p>\n","protected":false},"excerpt":{"rendered":"<p>La cheffe de la diplomatie espagnole Arancha Gonzalez Laya, fortement critiqu\u00e9e par les milieux politiques espagnols pour sa gestion de plusieurs dossiers sensibles dont particuli\u00e8rement la r\u00e9cente crise diplomatique avec le Maroc li\u00e9e \u00e0 l\u2019hospitalisation en Espagne de Brahim Ghali, le chef du Front Polisario, a \u00e9t\u00e9 remplac\u00e9e par Jos\u00e9 Auteur: Adama Sylla Cliquez ici [&hellip;]<\/p>\n","protected":false},"author":1787,"featured_media":0,"comment_status":"closed","ping_status":"closed","sticky":false,"template":"","format":"standard","meta":{"fifu_image_url":"https:\/\/www.challenge.ma\/wp-content\/uploads\/2021\/07\/ESPAGNE.jpg","fifu_image_alt":"Qui est Jos\u00e9 Manuel Albares, le nouveau fer de lance de la diplomatie espagnole ?","footnotes":""},"categories":[78,54],"tags":[],"class_list":["post-121087","post","type-post","status-publish","format-standard","hentry","category-economie","category-maroc"],"_links":{"self":[{"href":"https:\/\/linitiative.ca\/International\/wp-json\/wp\/v2\/posts\/121087","targetHints":{"allow":["GET"]}}],"collection":[{"href":"https:\/\/linitiative.ca\/International\/wp-json\/wp\/v2\/posts"}],"about":[{"href":"https:\/\/linitiative.ca\/International\/wp-json\/wp\/v2\/types\/post"}],"author":[{"embeddable":true,"href":"https:\/\/linitiative.ca\/International\/wp-json\/wp\/v2\/users\/1787"}],"replies":[{"embeddable":true,"href":"https:\/\/linitiative.ca\/International\/wp-json\/wp\/v2\/comments?post=121087"}],"version-history":[{"count":0,"href":"https:\/\/linitiative.ca\/International\/wp-json\/wp\/v2\/posts\/121087\/revisions"}],"wp:attachment":[{"href":"https:\/\/linitiative.ca\/International\/wp-json\/wp\/v2\/media?parent=121087"}],"wp:term":[{"taxonomy":"category","embeddable":true,"href":"https:\/\/linitiative.ca\/International\/wp-json\/wp\/v2\/categories?post=121087"},{"taxonomy":"post_tag","embeddable":true,"href":"https:\/\/linitiative.ca\/International\/wp-json\/wp\/v2\/tags?post=121087"}],"curies":[{"name":"wp","href":"https:\/\/api.w.org\/{rel}","templated":true}]}}