{"id":121091,"date":"2021-07-11T09:27:55","date_gmt":"2021-07-11T13:27:55","guid":{"rendered":"https:\/\/linitiative.ca\/International\/ventes-darmes-francaises-le-maroc-detrone-lalgerie-et-devient-le-premier-client-de-la-france-en-afrique-rapport\/"},"modified":"2021-07-11T09:27:55","modified_gmt":"2021-07-11T13:27:55","slug":"ventes-darmes-francaises-le-maroc-detrone-lalgerie-et-devient-le-premier-client-de-la-france-en-afrique-rapport","status":"publish","type":"post","link":"https:\/\/linitiative.ca\/International\/ventes-darmes-francaises-le-maroc-detrone-lalgerie-et-devient-le-premier-client-de-la-france-en-afrique-rapport\/","title":{"rendered":"Ventes d\u2019armes fran\u00e7aises. Le Maroc d\u00e9tr\u00f4ne l\u2019Alg\u00e9rie et devient le premier client de la France en Afrique [Rapport]"},"content":{"rendered":"<div><img decoding=\"async\" width=\"1000\" height=\"750\" src=\"https:\/\/linitiative.ca\/International\/wp-content\/uploads\/sites\/23\/2021\/07\/FRANCE2.jpg\" class=\"attachment-post-thumbnail size-post-thumbnail wp-post-image\" alt=\"\" loading=\"lazy\" srcset=\"https:\/\/linitiative.ca\/International\/wp-content\/uploads\/sites\/23\/2021\/07\/FRANCE2.jpg 1000w, https:\/\/www.challenge.ma\/wp-content\/uploads\/2021\/07\/FRANCE2-300x225.jpg 300w, https:\/\/www.challenge.ma\/wp-content\/uploads\/2021\/07\/FRANCE2-768x576.jpg 768w, https:\/\/www.challenge.ma\/wp-content\/uploads\/2021\/07\/FRANCE2-360x270.jpg 360w, https:\/\/www.challenge.ma\/wp-content\/uploads\/2021\/07\/FRANCE2-750x563.jpg 750w\" sizes=\"auto, (max-width: 1000px) 100vw, 1000px\" itemprop=\"image\">Le Maroc a achet\u00e9 pour plus de 425,9 millions d\u2019euros d\u2019armes \u00e0 la France, durant l\u2019ann\u00e9e 2020. Il se place ainsi comme troisi\u00e8me client de la France \u00e0 l\u2019\u00e9chelle mondiale et premier sur le continent africain, d\u00e9tr\u00f4nant du coup l\u2019Alg\u00e9rie, selon un rapport sur les exportations d\u2019armement en 2020 que<\/div>\n<p>Auteur: Adama Sylla<br \/>\n<a href=\"https:\/\/www.challenge.ma\/ventes-darmes-francaises-le-maroc-detrone-lalgerie-et-devient-le-premier-client-de-la-france-en-afrique-rapport-192206\/\">Cliquez ici pour lire l&rsquo;article depuis sa source.<\/a><\/p>\n","protected":false},"excerpt":{"rendered":"<p>Le Maroc a achet\u00e9 pour plus de 425,9 millions d\u2019euros d\u2019armes \u00e0 la France, durant l\u2019ann\u00e9e 2020. Il se place ainsi comme troisi\u00e8me client de la France \u00e0 l\u2019\u00e9chelle mondiale et premier sur le continent africain, d\u00e9tr\u00f4nant du coup l\u2019Alg\u00e9rie, selon un rapport sur les exportations d\u2019armement en 2020 que Auteur: Adama Sylla Cliquez ici [&hellip;]<\/p>\n","protected":false},"author":1787,"featured_media":0,"comment_status":"closed","ping_status":"closed","sticky":false,"template":"","format":"standard","meta":{"fifu_image_url":"https:\/\/www.challenge.ma\/wp-content\/uploads\/2021\/07\/FRANCE2.jpg","fifu_image_alt":"Ventes d\u2019armes fran\u00e7aises. Le Maroc d\u00e9tr\u00f4ne l\u2019Alg\u00e9rie et devient le premier client de la France en Afrique [Rapport]","footnotes":""},"categories":[78,54],"tags":[],"class_list":["post-121091","post","type-post","status-publish","format-standard","hentry","category-economie","category-maroc"],"_links":{"self":[{"href":"https:\/\/linitiative.ca\/International\/wp-json\/wp\/v2\/posts\/121091","targetHints":{"allow":["GET"]}}],"collection":[{"href":"https:\/\/linitiative.ca\/International\/wp-json\/wp\/v2\/posts"}],"about":[{"href":"https:\/\/linitiative.ca\/International\/wp-json\/wp\/v2\/types\/post"}],"author":[{"embeddable":true,"href":"https:\/\/linitiative.ca\/International\/wp-json\/wp\/v2\/users\/1787"}],"replies":[{"embeddable":true,"href":"https:\/\/linitiative.ca\/International\/wp-json\/wp\/v2\/comments?post=121091"}],"version-history":[{"count":0,"href":"https:\/\/linitiative.ca\/International\/wp-json\/wp\/v2\/posts\/121091\/revisions"}],"wp:attachment":[{"href":"https:\/\/linitiative.ca\/International\/wp-json\/wp\/v2\/media?parent=121091"}],"wp:term":[{"taxonomy":"category","embeddable":true,"href":"https:\/\/linitiative.ca\/International\/wp-json\/wp\/v2\/categories?post=121091"},{"taxonomy":"post_tag","embeddable":true,"href":"https:\/\/linitiative.ca\/International\/wp-json\/wp\/v2\/tags?post=121091"}],"curies":[{"name":"wp","href":"https:\/\/api.w.org\/{rel}","templated":true}]}}