{"id":121097,"date":"2021-07-11T15:37:29","date_gmt":"2021-07-11T19:37:29","guid":{"rendered":"https:\/\/linitiative.ca\/International\/tunisie-k2rym-en-visite-a-beja-pour-evaluer-les-besoins-de-la-region-en-aides-medicales\/"},"modified":"2021-07-11T15:37:29","modified_gmt":"2021-07-11T19:37:29","slug":"tunisie-k2rym-en-visite-a-beja-pour-evaluer-les-besoins-de-la-region-en-aides-medicales","status":"publish","type":"post","link":"https:\/\/linitiative.ca\/International\/tunisie-k2rym-en-visite-a-beja-pour-evaluer-les-besoins-de-la-region-en-aides-medicales\/","title":{"rendered":"Tunisie \u2013 K2Rym en visite \u00e0 B\u00e9ja pour \u00e9valuer les besoins de la r\u00e9gion en aides m\u00e9dicales"},"content":{"rendered":"<div>\n<p>Le chanteur de Rap Tunisien, Karim Gharbi, plus connu sous le nom de sc\u00e8ne, K2Rym, s\u2019est redu, ce dimanche \u00e0 la ville de B\u00e9ja, o\u00f9 il a visit\u00e9 l\u2019h\u00f4pital r\u00e9gional, ainsi que l\u2019h\u00f4pital de campagne qui y a \u00e9t\u00e9 install\u00e9, et y a \u00e9valu\u00e9 les besoins en mat\u00e9riel et autres aides m\u00e9dicales. A l\u2019issue de [\u2026]<\/p>\n<p>L\u2019article <a href=\"https:\/\/www.tunisienumerique.com\/tunisie-k2rym-en-visite-a-beja-pour-evaluer-les-besoins-de-la-region-en-aides-medicales\/\">Tunisie \u2013 K2Rym en visite \u00e0 B\u00e9ja pour \u00e9valuer les besoins de la r\u00e9gion en aides m\u00e9dicales<\/a> est apparu en premier sur <a href=\"https:\/\/www.tunisienumerique.com\/\">Tunisie<\/a>.<\/p>\n<\/div>\n<p>Auteur: LM<br \/>\n<a href=\"https:\/\/www.tunisienumerique.com\/tunisie-k2rym-en-visite-a-beja-pour-evaluer-les-besoins-de-la-region-en-aides-medicales\/\">Cliquez ici pour lire l&rsquo;article depuis sa source.<\/a><\/p>\n","protected":false},"excerpt":{"rendered":"<p>Le chanteur de Rap Tunisien, Karim Gharbi, plus connu sous le nom de sc\u00e8ne, K2Rym, s\u2019est redu, ce dimanche \u00e0 la ville de B\u00e9ja, o\u00f9 il a visit\u00e9 l\u2019h\u00f4pital r\u00e9gional, ainsi que l\u2019h\u00f4pital de campagne qui y a \u00e9t\u00e9 install\u00e9, et y a \u00e9valu\u00e9 les besoins en mat\u00e9riel et autres aides m\u00e9dicales. A l\u2019issue de [&hellip;]<\/p>\n","protected":false},"author":1789,"featured_media":0,"comment_status":"closed","ping_status":"closed","sticky":false,"template":"","format":"standard","meta":{"fifu_image_url":"","fifu_image_alt":"","footnotes":""},"categories":[73,55],"tags":[],"class_list":["post-121097","post","type-post","status-publish","format-standard","hentry","category-actualite","category-tunisie"],"_links":{"self":[{"href":"https:\/\/linitiative.ca\/International\/wp-json\/wp\/v2\/posts\/121097","targetHints":{"allow":["GET"]}}],"collection":[{"href":"https:\/\/linitiative.ca\/International\/wp-json\/wp\/v2\/posts"}],"about":[{"href":"https:\/\/linitiative.ca\/International\/wp-json\/wp\/v2\/types\/post"}],"author":[{"embeddable":true,"href":"https:\/\/linitiative.ca\/International\/wp-json\/wp\/v2\/users\/1789"}],"replies":[{"embeddable":true,"href":"https:\/\/linitiative.ca\/International\/wp-json\/wp\/v2\/comments?post=121097"}],"version-history":[{"count":0,"href":"https:\/\/linitiative.ca\/International\/wp-json\/wp\/v2\/posts\/121097\/revisions"}],"wp:attachment":[{"href":"https:\/\/linitiative.ca\/International\/wp-json\/wp\/v2\/media?parent=121097"}],"wp:term":[{"taxonomy":"category","embeddable":true,"href":"https:\/\/linitiative.ca\/International\/wp-json\/wp\/v2\/categories?post=121097"},{"taxonomy":"post_tag","embeddable":true,"href":"https:\/\/linitiative.ca\/International\/wp-json\/wp\/v2\/tags?post=121097"}],"curies":[{"name":"wp","href":"https:\/\/api.w.org\/{rel}","templated":true}]}}