{"id":121100,"date":"2021-07-11T16:42:48","date_gmt":"2021-07-11T20:42:48","guid":{"rendered":"https:\/\/linitiative.ca\/International\/tunisie-ben-guerdene-interception-dun-chalutier-libyen-dans-les-eaux-territoriales-tunisiennes\/"},"modified":"2021-07-11T16:42:48","modified_gmt":"2021-07-11T20:42:48","slug":"tunisie-ben-guerdene-interception-dun-chalutier-libyen-dans-les-eaux-territoriales-tunisiennes","status":"publish","type":"post","link":"https:\/\/linitiative.ca\/International\/tunisie-ben-guerdene-interception-dun-chalutier-libyen-dans-les-eaux-territoriales-tunisiennes\/","title":{"rendered":"Tunisie \u2013 Ben Guerdene\u00a0: Interception d\u2019un chalutier libyen dans les eaux territoriales tunisiennes"},"content":{"rendered":"<div>\n<p>Une patrouille de la marine national a intercept\u00e9, hier soir, un chalutier libyen, avec \u00e0 son bord, trois marins\u00a0 p\u00e9cheurs \u00e9gyptiens qui p\u00eachaient dans les eaux territoriales tunisiennes au large du port d\u2019Al Ketf \u00e0 Ben Guerdene. Les marins, ainsi que l\u2019embarcation, ont \u00e9t\u00e9 saisis et emmen\u00e9s \u00e0 Ben Guerdene, pour les besoins des mesures [\u2026]<\/p>\n<p>L\u2019article <a href=\"https:\/\/www.tunisienumerique.com\/tunisie-ben-guerdene-interception-dun-chalutier-libyen-dans-les-eaux-territoriales-tunisiennes\/\">Tunisie \u2013 Ben Guerdene\u00a0: Interception d\u2019un chalutier libyen dans les eaux territoriales tunisiennes<\/a> est apparu en premier sur <a href=\"https:\/\/www.tunisienumerique.com\/\">Tunisie<\/a>.<\/p>\n<\/div>\n<p>Auteur: LM<br \/>\n<a href=\"https:\/\/www.tunisienumerique.com\/tunisie-ben-guerdene-interception-dun-chalutier-libyen-dans-les-eaux-territoriales-tunisiennes\/\">Cliquez ici pour lire l&rsquo;article depuis sa source.<\/a><\/p>\n","protected":false},"excerpt":{"rendered":"<p>Une patrouille de la marine national a intercept\u00e9, hier soir, un chalutier libyen, avec \u00e0 son bord, trois marins\u00a0 p\u00e9cheurs \u00e9gyptiens qui p\u00eachaient dans les eaux territoriales tunisiennes au large du port d\u2019Al Ketf \u00e0 Ben Guerdene. Les marins, ainsi que l\u2019embarcation, ont \u00e9t\u00e9 saisis et emmen\u00e9s \u00e0 Ben Guerdene, pour les besoins des mesures [&hellip;]<\/p>\n","protected":false},"author":1789,"featured_media":0,"comment_status":"closed","ping_status":"closed","sticky":false,"template":"","format":"standard","meta":{"fifu_image_url":"","fifu_image_alt":"","footnotes":""},"categories":[73,55],"tags":[],"class_list":["post-121100","post","type-post","status-publish","format-standard","hentry","category-actualite","category-tunisie"],"_links":{"self":[{"href":"https:\/\/linitiative.ca\/International\/wp-json\/wp\/v2\/posts\/121100","targetHints":{"allow":["GET"]}}],"collection":[{"href":"https:\/\/linitiative.ca\/International\/wp-json\/wp\/v2\/posts"}],"about":[{"href":"https:\/\/linitiative.ca\/International\/wp-json\/wp\/v2\/types\/post"}],"author":[{"embeddable":true,"href":"https:\/\/linitiative.ca\/International\/wp-json\/wp\/v2\/users\/1789"}],"replies":[{"embeddable":true,"href":"https:\/\/linitiative.ca\/International\/wp-json\/wp\/v2\/comments?post=121100"}],"version-history":[{"count":0,"href":"https:\/\/linitiative.ca\/International\/wp-json\/wp\/v2\/posts\/121100\/revisions"}],"wp:attachment":[{"href":"https:\/\/linitiative.ca\/International\/wp-json\/wp\/v2\/media?parent=121100"}],"wp:term":[{"taxonomy":"category","embeddable":true,"href":"https:\/\/linitiative.ca\/International\/wp-json\/wp\/v2\/categories?post=121100"},{"taxonomy":"post_tag","embeddable":true,"href":"https:\/\/linitiative.ca\/International\/wp-json\/wp\/v2\/tags?post=121100"}],"curies":[{"name":"wp","href":"https:\/\/api.w.org\/{rel}","templated":true}]}}