{"id":121102,"date":"2021-07-11T14:40:26","date_gmt":"2021-07-11T18:40:26","guid":{"rendered":"https:\/\/linitiative.ca\/International\/projet-de-loi-pour-lacces-a-la-presidence-aux-congolais-de-pere-et-de-mere\/"},"modified":"2021-07-11T14:40:26","modified_gmt":"2021-07-11T18:40:26","slug":"projet-de-loi-pour-lacces-a-la-presidence-aux-congolais-de-pere-et-de-mere","status":"publish","type":"post","link":"https:\/\/linitiative.ca\/International\/projet-de-loi-pour-lacces-a-la-presidence-aux-congolais-de-pere-et-de-mere\/","title":{"rendered":"PROJET DE LOI POUR L\u2019ACCES A LA PRESIDENCE, AUX CONGOLAIS DE PERE ET DE MERE"},"content":{"rendered":"<div>\n<p><img decoding=\"async\" width=\"664\" height=\"443\" src=\"https:\/\/linitiative.ca\/International\/wp-content\/uploads\/sites\/23\/2021\/07\/RDC.jpg\" class=\"attachment- size- wp-post-image\" alt=\"\" loading=\"lazy\" style=\"float:left; margin:0 15px 15px 0;\" srcset=\"https:\/\/linitiative.ca\/International\/wp-content\/uploads\/sites\/23\/2021\/07\/RDC.jpg 664w, https:\/\/lepays.bf\/wp-content\/uploads\/2021\/07\/RDC-300x200.jpg 300w\" sizes=\"auto, (max-width: 664px) 100vw, 664px\">L\u2019ancien candidat malheureux \u00e0 la pr\u00e9sidentielle congolaise\u00a0 de 2018, No\u00ebl Tshiani, a formul\u00e9 une proposition de loi qui limite les candidatures \u00e0 l\u2019\u00e9lection pr\u00e9sidentielle aux seuls Congolais n\u00e9s de p\u00e8re et de m\u00e8re d\u2019origine congolaise. D\u00e9pos\u00e9 le 8 juillet dernier au Parlement par le d\u00e9put\u00e9 Nsinga Pululu, un proche de l\u2019ancien pr\u00e9sident, Joseph Kabila, ce \u2026<\/p>\n<p>L\u2019article <a rel=\"nofollow\" href=\"https:\/\/lepays.bf\/projet-de-loi-pour-lacces-a-la-presidence-aux-congolais-de-pere-et-de-mere\/\">PROJET DE LOI POUR L\u2019ACCES A LA PRESIDENCE, AUX CONGOLAIS DE PERE ET DE MERE<\/a> est apparu en premier sur <a rel=\"nofollow\" href=\"https:\/\/lepays.bf\/\">Editions Le Pays<\/a>.<\/p>\n<\/div>\n<p>Auteur: Editions LEPAYS<br \/>\n<a href=\"https:\/\/lepays.bf\/projet-de-loi-pour-lacces-a-la-presidence-aux-congolais-de-pere-et-de-mere\/\">Cliquez ici pour lire l&rsquo;article depuis sa source.<\/a><\/p>\n","protected":false},"excerpt":{"rendered":"<p>L\u2019ancien candidat malheureux \u00e0 la pr\u00e9sidentielle congolaise\u00a0 de 2018, No\u00ebl Tshiani, a formul\u00e9 une proposition de loi qui limite les candidatures \u00e0 l\u2019\u00e9lection pr\u00e9sidentielle aux seuls Congolais n\u00e9s de p\u00e8re et de m\u00e8re d\u2019origine congolaise. D\u00e9pos\u00e9 le 8 juillet dernier au Parlement par le d\u00e9put\u00e9 Nsinga Pululu, un proche de l\u2019ancien pr\u00e9sident, Joseph Kabila, ce [&hellip;]<\/p>\n","protected":false},"author":1813,"featured_media":0,"comment_status":"closed","ping_status":"closed","sticky":false,"template":"","format":"standard","meta":{"fifu_image_url":"https:\/\/lepays.bf\/wp-content\/uploads\/2021\/07\/RDC.jpg","fifu_image_alt":"PROJET DE LOI POUR L\u2019ACCES A LA PRESIDENCE, AUX CONGOLAIS DE PERE ET DE MERE","footnotes":""},"categories":[73,81],"tags":[],"class_list":["post-121102","post","type-post","status-publish","format-standard","hentry","category-actualite","category-burkina-faso"],"_links":{"self":[{"href":"https:\/\/linitiative.ca\/International\/wp-json\/wp\/v2\/posts\/121102","targetHints":{"allow":["GET"]}}],"collection":[{"href":"https:\/\/linitiative.ca\/International\/wp-json\/wp\/v2\/posts"}],"about":[{"href":"https:\/\/linitiative.ca\/International\/wp-json\/wp\/v2\/types\/post"}],"author":[{"embeddable":true,"href":"https:\/\/linitiative.ca\/International\/wp-json\/wp\/v2\/users\/1813"}],"replies":[{"embeddable":true,"href":"https:\/\/linitiative.ca\/International\/wp-json\/wp\/v2\/comments?post=121102"}],"version-history":[{"count":0,"href":"https:\/\/linitiative.ca\/International\/wp-json\/wp\/v2\/posts\/121102\/revisions"}],"wp:attachment":[{"href":"https:\/\/linitiative.ca\/International\/wp-json\/wp\/v2\/media?parent=121102"}],"wp:term":[{"taxonomy":"category","embeddable":true,"href":"https:\/\/linitiative.ca\/International\/wp-json\/wp\/v2\/categories?post=121102"},{"taxonomy":"post_tag","embeddable":true,"href":"https:\/\/linitiative.ca\/International\/wp-json\/wp\/v2\/tags?post=121102"}],"curies":[{"name":"wp","href":"https:\/\/api.w.org\/{rel}","templated":true}]}}