{"id":121104,"date":"2021-07-11T14:43:51","date_gmt":"2021-07-11T18:43:51","guid":{"rendered":"https:\/\/linitiative.ca\/International\/promesse-du-president-beninois-de-respecter-la-limitation-du-nombre-de-mandats\/"},"modified":"2021-07-11T14:43:51","modified_gmt":"2021-07-11T18:43:51","slug":"promesse-du-president-beninois-de-respecter-la-limitation-du-nombre-de-mandats","status":"publish","type":"post","link":"https:\/\/linitiative.ca\/International\/promesse-du-president-beninois-de-respecter-la-limitation-du-nombre-de-mandats\/","title":{"rendered":"PROMESSE DU PRESIDENT BENINOIS DE RESPECTER LA LIMITATION DU NOMBRE DE MANDATS"},"content":{"rendered":"<div>\n<p><img decoding=\"async\" width=\"507\" height=\"380\" src=\"https:\/\/linitiative.ca\/International\/wp-content\/uploads\/sites\/23\/2021\/07\/President-TALON.jpeg\" class=\"attachment- size- wp-post-image\" alt=\"\" loading=\"lazy\" style=\"float:left; margin:0 15px 15px 0;\" srcset=\"https:\/\/linitiative.ca\/International\/wp-content\/uploads\/sites\/23\/2021\/07\/President-TALON.jpeg 507w, https:\/\/lepays.bf\/wp-content\/uploads\/2021\/07\/President-TALON-300x225.jpeg 300w\" sizes=\"auto, (max-width: 507px) 100vw, 507px\">Le pr\u00e9sident b\u00e9ninois, Patrice Talon, promet de ne pas briguer un troisi\u00e8me mandat. Il quittera donc le Palais de la Marina, en 2026, \u00e0 la fin de son deuxi\u00e8me et dernier mandat constitutionnel. L\u2019annonce a \u00e9t\u00e9 faite le 10 juillet dernier, devant un parterre d\u2019organisations de la soci\u00e9t\u00e9 civile, r\u00e9unies \u00e0 Cotonou \u00e0 l\u2019occasion d\u2019un \u2026<\/p>\n<p>L\u2019article <a rel=\"nofollow\" href=\"https:\/\/lepays.bf\/promesse-du-president-beninois-de-respecter-la-limitation-du-nombre-de-mandats\/\">PROMESSE DU PRESIDENT BENINOIS DE RESPECTER LA LIMITATION DU NOMBRE DE MANDATS<\/a> est apparu en premier sur <a rel=\"nofollow\" href=\"https:\/\/lepays.bf\/\">Editions Le Pays<\/a>.<\/p>\n<\/div>\n<p>Auteur: Editions LEPAYS<br \/>\n<a href=\"https:\/\/lepays.bf\/promesse-du-president-beninois-de-respecter-la-limitation-du-nombre-de-mandats\/\">Cliquez ici pour lire l&rsquo;article depuis sa source.<\/a><\/p>\n","protected":false},"excerpt":{"rendered":"<p>Le pr\u00e9sident b\u00e9ninois, Patrice Talon, promet de ne pas briguer un troisi\u00e8me mandat. Il quittera donc le Palais de la Marina, en 2026, \u00e0 la fin de son deuxi\u00e8me et dernier mandat constitutionnel. L\u2019annonce a \u00e9t\u00e9 faite le 10 juillet dernier, devant un parterre d\u2019organisations de la soci\u00e9t\u00e9 civile, r\u00e9unies \u00e0 Cotonou \u00e0 l\u2019occasion d\u2019un [&hellip;]<\/p>\n","protected":false},"author":1813,"featured_media":0,"comment_status":"closed","ping_status":"closed","sticky":false,"template":"","format":"standard","meta":{"fifu_image_url":"https:\/\/lepays.bf\/wp-content\/uploads\/2021\/07\/President-TALON.jpeg","fifu_image_alt":"PROMESSE DU PRESIDENT BENINOIS DE RESPECTER LA LIMITATION DU NOMBRE DE MANDATS","footnotes":""},"categories":[73,81],"tags":[],"class_list":["post-121104","post","type-post","status-publish","format-standard","hentry","category-actualite","category-burkina-faso"],"_links":{"self":[{"href":"https:\/\/linitiative.ca\/International\/wp-json\/wp\/v2\/posts\/121104","targetHints":{"allow":["GET"]}}],"collection":[{"href":"https:\/\/linitiative.ca\/International\/wp-json\/wp\/v2\/posts"}],"about":[{"href":"https:\/\/linitiative.ca\/International\/wp-json\/wp\/v2\/types\/post"}],"author":[{"embeddable":true,"href":"https:\/\/linitiative.ca\/International\/wp-json\/wp\/v2\/users\/1813"}],"replies":[{"embeddable":true,"href":"https:\/\/linitiative.ca\/International\/wp-json\/wp\/v2\/comments?post=121104"}],"version-history":[{"count":0,"href":"https:\/\/linitiative.ca\/International\/wp-json\/wp\/v2\/posts\/121104\/revisions"}],"wp:attachment":[{"href":"https:\/\/linitiative.ca\/International\/wp-json\/wp\/v2\/media?parent=121104"}],"wp:term":[{"taxonomy":"category","embeddable":true,"href":"https:\/\/linitiative.ca\/International\/wp-json\/wp\/v2\/categories?post=121104"},{"taxonomy":"post_tag","embeddable":true,"href":"https:\/\/linitiative.ca\/International\/wp-json\/wp\/v2\/tags?post=121104"}],"curies":[{"name":"wp","href":"https:\/\/api.w.org\/{rel}","templated":true}]}}