{"id":121106,"date":"2021-07-11T14:47:24","date_gmt":"2021-07-11T18:47:24","guid":{"rendered":"https:\/\/linitiative.ca\/International\/rencontre-gbagbo-bedie\/"},"modified":"2021-07-11T14:47:24","modified_gmt":"2021-07-11T18:47:24","slug":"rencontre-gbagbo-bedie","status":"publish","type":"post","link":"https:\/\/linitiative.ca\/International\/rencontre-gbagbo-bedie\/","title":{"rendered":"RENCONTRE GBAGBO-BEDIE  \u00a0"},"content":{"rendered":"<div>\n<p><img decoding=\"async\" width=\"664\" height=\"474\" src=\"https:\/\/linitiative.ca\/International\/wp-content\/uploads\/sites\/23\/2021\/07\/RENCONTRE.jpg\" class=\"attachment- size- wp-post-image\" alt=\"\" loading=\"lazy\" style=\"float:left; margin:0 15px 15px 0;\" srcset=\"https:\/\/linitiative.ca\/International\/wp-content\/uploads\/sites\/23\/2021\/07\/RENCONTRE.jpg 664w, https:\/\/lepays.bf\/wp-content\/uploads\/2021\/07\/RENCONTRE-300x214.jpg 300w\" sizes=\"auto, (max-width: 664px) 100vw, 664px\">Ce 10 juillet 2021, il y avait plus de nuages dans le ciel de Daoukro que dans les c\u0153urs d\u2019Henri Konan B\u00e9di\u00e9 et de Laurent Gbagbo, qui se retrouvent, pour la premi\u00e8re fois, en terre ivoirienne depuis le retour de ce dernier au pays, le 17 juin dernier. Accueilli en \u00ab\u00a0Guest star\u00a0\u00bb dans le fief \u2026<\/p>\n<p>L\u2019article <a rel=\"nofollow\" href=\"https:\/\/lepays.bf\/rencontre-gbagbo-bedie\/\">RENCONTRE GBAGBO-BEDIE  \u00a0<\/a> est apparu en premier sur <a rel=\"nofollow\" href=\"https:\/\/lepays.bf\/\">Editions Le Pays<\/a>.<\/p>\n<\/div>\n<p>Auteur: Editions LEPAYS<br \/>\n<a href=\"https:\/\/lepays.bf\/rencontre-gbagbo-bedie\/\">Cliquez ici pour lire l&rsquo;article depuis sa source.<\/a><\/p>\n","protected":false},"excerpt":{"rendered":"<p>Ce 10 juillet 2021, il y avait plus de nuages dans le ciel de Daoukro que dans les c\u0153urs d\u2019Henri Konan B\u00e9di\u00e9 et de Laurent Gbagbo, qui se retrouvent, pour la premi\u00e8re fois, en terre ivoirienne depuis le retour de ce dernier au pays, le 17 juin dernier. Accueilli en \u00ab\u00a0Guest star\u00a0\u00bb dans le fief [&hellip;]<\/p>\n","protected":false},"author":1813,"featured_media":0,"comment_status":"closed","ping_status":"closed","sticky":false,"template":"","format":"standard","meta":{"fifu_image_url":"https:\/\/lepays.bf\/wp-content\/uploads\/2021\/07\/RENCONTRE.jpg","fifu_image_alt":"RENCONTRE GBAGBO-BEDIE  \u00a0","footnotes":""},"categories":[73,81],"tags":[],"class_list":["post-121106","post","type-post","status-publish","format-standard","hentry","category-actualite","category-burkina-faso"],"_links":{"self":[{"href":"https:\/\/linitiative.ca\/International\/wp-json\/wp\/v2\/posts\/121106","targetHints":{"allow":["GET"]}}],"collection":[{"href":"https:\/\/linitiative.ca\/International\/wp-json\/wp\/v2\/posts"}],"about":[{"href":"https:\/\/linitiative.ca\/International\/wp-json\/wp\/v2\/types\/post"}],"author":[{"embeddable":true,"href":"https:\/\/linitiative.ca\/International\/wp-json\/wp\/v2\/users\/1813"}],"replies":[{"embeddable":true,"href":"https:\/\/linitiative.ca\/International\/wp-json\/wp\/v2\/comments?post=121106"}],"version-history":[{"count":0,"href":"https:\/\/linitiative.ca\/International\/wp-json\/wp\/v2\/posts\/121106\/revisions"}],"wp:attachment":[{"href":"https:\/\/linitiative.ca\/International\/wp-json\/wp\/v2\/media?parent=121106"}],"wp:term":[{"taxonomy":"category","embeddable":true,"href":"https:\/\/linitiative.ca\/International\/wp-json\/wp\/v2\/categories?post=121106"},{"taxonomy":"post_tag","embeddable":true,"href":"https:\/\/linitiative.ca\/International\/wp-json\/wp\/v2\/tags?post=121106"}],"curies":[{"name":"wp","href":"https:\/\/api.w.org\/{rel}","templated":true}]}}