{"id":121108,"date":"2021-07-10T20:18:02","date_gmt":"2021-07-11T00:18:02","guid":{"rendered":"https:\/\/linitiative.ca\/International\/gbagbo-juge-sa-visite-a-bedie-d-acte-de-reconciliation\/"},"modified":"2021-07-10T20:18:02","modified_gmt":"2021-07-11T00:18:02","slug":"gbagbo-juge-sa-visite-a-bedie-d-acte-de-reconciliation","status":"publish","type":"post","link":"https:\/\/linitiative.ca\/International\/gbagbo-juge-sa-visite-a-bedie-d-acte-de-reconciliation\/","title":{"rendered":"Gbagbo juge sa visite \u00e0 B\u00e9di\u00e9 d&rsquo;\u00a0\u00bbacte de r\u00e9conciliation\u00a0\u00bb"},"content":{"rendered":"<div>\n<p>L\u2019ancien pr\u00e9sident ivoirien Laurent Gbagbo a qualifi\u00e9 samedi d&rsquo;\u00a0\u00bbacte de r\u00e9conciliation et de reconnaissance\u00a0\u00bb sa visite \u00e0 Henri Konan ????????\u0301????????????\u0301 \u00e0 Daoukro (centre-est), o\u00f9 il aura un t\u00eate-\u00e0-t\u00eate avec le chef du Parti d\u00e9mocratique de C\u00f4te d\u2019Ivoire (Pdci, ex-alli\u00e9 au pouvoir).M. Gbagbo a indiqu\u00e9 avoir \u00ab\u00a0????????????\u0301????????\u00a0????????\u00a0????????????????????????\u00a0????\u0300\u00a0????????\u00a0????????????????????????\u00a0\u00bb\u00a0???????? il\u00a0????????????????????????????,\u00a0???????????? \u00ab\u00a0????????\u00a0????????????????\u00a0????????\u00a0????????????????\u00a0????????????\u00a0????????\u0301????????????????\u0301????\u00a0\u00bb, avant d\u2019ajouter \u00ab\u00a0c????????????????\u00a0????????????????????????\u00a0????????????\u00a0????????\u00a0????????????????\u00a0????????\u00a0????????\u0301????????????????????????????????????????????????\u00a0????????\u00a0????????\u00a0????????????????\u00a0????????\u00a0????????????????????????????????????????????????????????.\u00a0\u00bb<\/p>\n<p>L\u2019ancien pr\u00e9sident ivoirien, Laurent Gbagbo, est arriv\u00e9 en d\u00e9but de soir\u00e9e chez le pr\u00e9sident du Pdci Henri Konan B\u00e9di\u00e9, \u00e0 sa r\u00e9sidence de Daoukro. Sur le chemin, son cort\u00e8ge a \u00e9t\u00e9 accueilli par des foules en liesse.\u00a0<\/p>\n<p>Cette rencontre est la p????????????????????\u0300????????\u00a0????????????????????\u00a0????????????\u00a0????????????????\u00a0????????????????????????????\u00a0????????????\u0301????????????????????????????\u00a0????????????????????????\u00a0????????\u00a0????????????????????????\u00a0???????? M.\u00a0????????????????????????\u00a0????????\u00a0????????\u0302????????\u00a0????\u2019????????????????????????,\u00a0????????\u00a0???????? j????????????\u00a0????????????????. Elle devrait permettre un fort rapprochement entre le Pdci et le Front populaire ivoirien \u00a0(FPI), fond\u00e9 par M. Gbagbo.<\/p>\n<p>Les deux personnalit\u00e9s, main dans la main, ont \u00e9t\u00e9 accueillies par des militants venus nombreux \u00e0 Daoukro. Selon des sources proches des deux partis, cette rencontre devrait permettre de sceller une \u00ab\u00a0alliance FPI-PDCI\u00a0\u00bb. \u00a0<\/p>\n<p>Cet article <a rel=\"nofollow\" href=\"https:\/\/www.journalducameroun.com\/gbagbo-juge-sa-visite-a-bedie-dacte-de-reconciliation\/\">Gbagbo juge sa visite \u00e0 B\u00e9di\u00e9 d&rsquo;\u00a0\u00bbacte de r\u00e9conciliation\u00a0\u00bb<\/a> est apparu en premier sur <a rel=\"nofollow\" href=\"https:\/\/www.journalducameroun.com\/\">Journal du Cameroun<\/a>.<\/p>\n<\/div>\n<p>Auteur: APA News<br \/>\n<a href=\"https:\/\/www.journalducameroun.com\/gbagbo-juge-sa-visite-a-bedie-dacte-de-reconciliation\/\">Cliquez ici pour lire l&rsquo;article depuis sa source.<\/a><\/p>\n","protected":false},"excerpt":{"rendered":"<p>L\u2019ancien pr\u00e9sident ivoirien Laurent Gbagbo a qualifi\u00e9 samedi d&rsquo;\u00a0\u00bbacte de r\u00e9conciliation et de reconnaissance\u00a0\u00bb sa visite \u00e0 Henri Konan ????????\u0301????????????\u0301 \u00e0 Daoukro (centre-est), o\u00f9 il aura un t\u00eate-\u00e0-t\u00eate avec le chef du Parti d\u00e9mocratique de C\u00f4te d\u2019Ivoire (Pdci, ex-alli\u00e9 au pouvoir).M. Gbagbo a indiqu\u00e9 avoir \u00ab\u00a0????????????\u0301????????\u00a0????????\u00a0????????????????????????\u00a0????\u0300\u00a0????????\u00a0????????????????????????\u00a0\u00bb\u00a0???????? il\u00a0????????????????????????????,\u00a0???????????? \u00ab\u00a0????????\u00a0????????????????\u00a0????????\u00a0????????????????\u00a0????????????\u00a0????????\u0301????????????????\u0301????\u00a0\u00bb, avant d\u2019ajouter \u00ab\u00a0c????????????????\u00a0????????????????????????\u00a0????????????\u00a0????????\u00a0????????????????\u00a0????????\u00a0????????\u0301????????????????????????????????????????????????\u00a0????????\u00a0????????\u00a0????????????????\u00a0????????\u00a0????????????????????????????????????????????????????????.\u00a0\u00bb L\u2019ancien pr\u00e9sident ivoirien, Laurent [&hellip;]<\/p>\n","protected":false},"author":1965,"featured_media":0,"comment_status":"closed","ping_status":"closed","sticky":false,"template":"","format":"standard","meta":{"fifu_image_url":"","fifu_image_alt":"","footnotes":""},"categories":[73,82],"tags":[],"class_list":["post-121108","post","type-post","status-publish","format-standard","hentry","category-actualite","category-cameroun"],"_links":{"self":[{"href":"https:\/\/linitiative.ca\/International\/wp-json\/wp\/v2\/posts\/121108","targetHints":{"allow":["GET"]}}],"collection":[{"href":"https:\/\/linitiative.ca\/International\/wp-json\/wp\/v2\/posts"}],"about":[{"href":"https:\/\/linitiative.ca\/International\/wp-json\/wp\/v2\/types\/post"}],"author":[{"embeddable":true,"href":"https:\/\/linitiative.ca\/International\/wp-json\/wp\/v2\/users\/1965"}],"replies":[{"embeddable":true,"href":"https:\/\/linitiative.ca\/International\/wp-json\/wp\/v2\/comments?post=121108"}],"version-history":[{"count":0,"href":"https:\/\/linitiative.ca\/International\/wp-json\/wp\/v2\/posts\/121108\/revisions"}],"wp:attachment":[{"href":"https:\/\/linitiative.ca\/International\/wp-json\/wp\/v2\/media?parent=121108"}],"wp:term":[{"taxonomy":"category","embeddable":true,"href":"https:\/\/linitiative.ca\/International\/wp-json\/wp\/v2\/categories?post=121108"},{"taxonomy":"post_tag","embeddable":true,"href":"https:\/\/linitiative.ca\/International\/wp-json\/wp\/v2\/tags?post=121108"}],"curies":[{"name":"wp","href":"https:\/\/api.w.org\/{rel}","templated":true}]}}