{"id":121109,"date":"2021-07-11T12:18:02","date_gmt":"2021-07-11T16:18:02","guid":{"rendered":"https:\/\/linitiative.ca\/International\/cote-divoire-enquete-sur-la-balance-des-paiements\/"},"modified":"2021-07-11T12:18:02","modified_gmt":"2021-07-11T16:18:02","slug":"cote-divoire-enquete-sur-la-balance-des-paiements","status":"publish","type":"post","link":"https:\/\/linitiative.ca\/International\/cote-divoire-enquete-sur-la-balance-des-paiements\/","title":{"rendered":"C\u00f4te d\u2019Ivoire : enqu\u00eate sur la balance des paiements"},"content":{"rendered":"<div>\n<p><img loading=\"lazy\" decoding=\"async\" width=\"446\" height=\"426\" src=\"https:\/\/linitiative.ca\/International\/wp-content\/uploads\/sites\/23\/2021\/07\/16260202838776.jpg\" class=\"attachment-post-thumbnail size-post-thumbnail wp-post-image\" alt=\"\" srcset=\"https:\/\/linitiative.ca\/International\/wp-content\/uploads\/sites\/23\/2021\/07\/16260202838776.jpg 446w, https:\/\/www.journalducameroun.com\/wp-content\/uploads\/2021\/07\/16260202838776-300x287.jpg 300w\" sizes=\"auto, (max-width: 446px) 100vw, 446px\"><\/p>\n<p>Une enqu\u00eate sur la balance des paiements au titre de l&rsquo;ann\u00e9e 2020 sur toute l&rsquo;\u00e9tendue du territoire national ivoirien a d\u00e9marr\u00e9 le 28 juin dernier et s&rsquo;ach\u00e8vera le 28 juillet 2021, a appris APA, dimanche.<\/p>\n<p>Cette \u00ab enqu\u00eate de la balance des paiements au titre de l&rsquo;ann\u00e9e 2020 sur toute l&rsquo;\u00e9tendue du territoire national \u00bb, est organis\u00e9e par la Direction g\u00e9n\u00e9rale du Tr\u00e9sor et de la comptabilit\u00e9 publique, en collaboration avec la direction nationale de la Banque centrale des Etats de l&rsquo;Afrique de l&rsquo;Ouest (BCEAO) pour la C\u00f4te d&rsquo;Ivoire.<\/p>\n<p>\u00a0\u00ab L&rsquo;information statistique joue un r\u00f4le important dans le suivi et l&rsquo;analyse de la situation socio-\u00e9conomique d&rsquo;un pays car elle permet de cerner les r\u00e9alit\u00e9s et les \u00e9volutions susceptibles de mieux orienter les mesures de politiques sociales et \u00e9conomiques \u00bb, a rappel\u00e9 le directeur g\u00e9n\u00e9ral du Tr\u00e9sor et de la Comptabilit\u00e9 Publique, Jacques Konan Assahor\u00e9, par ailleurs Pr\u00e9sident du Comit\u00e9 national de la Balance des paiements.<\/p>\n<p>Sont concern\u00e9s par cette enqu\u00eate les op\u00e9rations effectu\u00e9es au titre de l&rsquo;exercice 2020 par les autorit\u00e9s institutionnelles, administratives et mon\u00e9taires, les interm\u00e9diaires habilit\u00e9s et autres interm\u00e9diaires financiers.<\/p>\n<p>Les organisations professionnelles et autres acteurs du secteur priv\u00e9 notamment les importateurs et exportateurs de biens et services, les partenaires au d\u00e9veloppement, les repr\u00e9sentations des organisations internationales et des ONG internationales sont \u00e9galement concern\u00e9s.<\/p>\n<p>La Balance des paiements est un \u00e9tat statistique qui retrace, sous forme comptable, l&rsquo;ensemble des flux d&rsquo;actifs r\u00e9els, financiers et mon\u00e9taires entre les r\u00e9sidents d&rsquo;une \u00e9conomie et les non-r\u00e9sidents, au cours d&rsquo;une p\u00e9riode donn\u00e9e.<\/p>\n<p>Elle permet d&rsquo;\u00e9valuer l&rsquo;insertion de l&rsquo;\u00e9conomie dans son environnement ext\u00e9rieur, d&rsquo;identifier l&rsquo;apparition de d\u00e9s\u00e9quilibres et de comprendre comment ces d\u00e9s\u00e9quilibres sont financ\u00e9s par le reste du monde. Elle constitue, en outre, une source contributive \u00e0 l&rsquo;\u00e9laboration de certains agr\u00e9gats nationaux et appara\u00eet ainsi comme un \u00e9l\u00e9ment essentiel de la statistique nationale.<\/p>\n<p>Nonobstant la crise sanitaire li\u00e9e \u00e0 la pand\u00e9mie \u00e0 Covid-19, l&rsquo;enqu\u00eate de l&rsquo;ann\u00e9e derni\u00e8re \u00a0(au titre de l&rsquo;ann\u00e9e 2019) a enregistr\u00e9 un taux de r\u00e9ponse de 88,1%. \u00a0Ce r\u00e9sultat a \u00e9t\u00e9 obtenu gr\u00e2ce \u00e0 une combinaison d&rsquo;actions dont un appui apport\u00e9 au Secr\u00e9tariat Technique du Comit\u00e9 de la Balance des paiements (la BCEAO) et le renforcement de la sensibilisation des r\u00e9pondants.<\/p>\n<p>Cet article <a rel=\"nofollow\" href=\"https:\/\/www.journalducameroun.com\/cote-divoire-enquete-sur-la-balance-des-paiements\/\">C\u00f4te d\u2019Ivoire : enqu\u00eate sur la balance des paiements<\/a> est apparu en premier sur <a rel=\"nofollow\" href=\"https:\/\/www.journalducameroun.com\/\">Journal du Cameroun<\/a>.<\/p>\n<\/div>\n<p>Auteur: APA News<br \/>\n<a href=\"https:\/\/www.journalducameroun.com\/cote-divoire-enquete-sur-la-balance-des-paiements\/\">Cliquez ici pour lire l&rsquo;article depuis sa source.<\/a><\/p>\n","protected":false},"excerpt":{"rendered":"<p>Une enqu\u00eate sur la balance des paiements au titre de l&rsquo;ann\u00e9e 2020 sur toute l&rsquo;\u00e9tendue du territoire national ivoirien a d\u00e9marr\u00e9 le 28 juin dernier et s&rsquo;ach\u00e8vera le 28 juillet 2021, a appris APA, dimanche. Cette \u00ab enqu\u00eate de la balance des paiements au titre de l&rsquo;ann\u00e9e 2020 sur toute l&rsquo;\u00e9tendue du territoire national \u00bb, [&hellip;]<\/p>\n","protected":false},"author":1965,"featured_media":0,"comment_status":"closed","ping_status":"closed","sticky":false,"template":"","format":"standard","meta":{"fifu_image_url":"https:\/\/www.journalducameroun.com\/wp-content\/uploads\/2021\/07\/16260202838776.jpg","fifu_image_alt":"C\u00f4te d\u2019Ivoire : enqu\u00eate sur la balance des paiements","footnotes":""},"categories":[73,82],"tags":[],"class_list":["post-121109","post","type-post","status-publish","format-standard","hentry","category-actualite","category-cameroun"],"_links":{"self":[{"href":"https:\/\/linitiative.ca\/International\/wp-json\/wp\/v2\/posts\/121109","targetHints":{"allow":["GET"]}}],"collection":[{"href":"https:\/\/linitiative.ca\/International\/wp-json\/wp\/v2\/posts"}],"about":[{"href":"https:\/\/linitiative.ca\/International\/wp-json\/wp\/v2\/types\/post"}],"author":[{"embeddable":true,"href":"https:\/\/linitiative.ca\/International\/wp-json\/wp\/v2\/users\/1965"}],"replies":[{"embeddable":true,"href":"https:\/\/linitiative.ca\/International\/wp-json\/wp\/v2\/comments?post=121109"}],"version-history":[{"count":0,"href":"https:\/\/linitiative.ca\/International\/wp-json\/wp\/v2\/posts\/121109\/revisions"}],"wp:attachment":[{"href":"https:\/\/linitiative.ca\/International\/wp-json\/wp\/v2\/media?parent=121109"}],"wp:term":[{"taxonomy":"category","embeddable":true,"href":"https:\/\/linitiative.ca\/International\/wp-json\/wp\/v2\/categories?post=121109"},{"taxonomy":"post_tag","embeddable":true,"href":"https:\/\/linitiative.ca\/International\/wp-json\/wp\/v2\/tags?post=121109"}],"curies":[{"name":"wp","href":"https:\/\/api.w.org\/{rel}","templated":true}]}}