{"id":121111,"date":"2021-07-11T12:18:03","date_gmt":"2021-07-11T16:18:03","guid":{"rendered":"https:\/\/linitiative.ca\/International\/programme-gpe-abidjan-fin-de-recrutement-des-auditeurs-le-19-juillet-2021\/"},"modified":"2021-07-11T12:18:03","modified_gmt":"2021-07-11T16:18:03","slug":"programme-gpe-abidjan-fin-de-recrutement-des-auditeurs-le-19-juillet-2021","status":"publish","type":"post","link":"https:\/\/linitiative.ca\/International\/programme-gpe-abidjan-fin-de-recrutement-des-auditeurs-le-19-juillet-2021\/","title":{"rendered":"Programme GPE-Abidjan: fin de recrutement des auditeurs le 19 juillet 2021"},"content":{"rendered":"<div>\n<p><img loading=\"lazy\" decoding=\"async\" width=\"800\" height=\"533\" src=\"https:\/\/linitiative.ca\/International\/wp-content\/uploads\/sites\/23\/2021\/07\/16260202835804.jpg\" class=\"attachment-post-thumbnail size-post-thumbnail wp-post-image\" alt=\"\" srcset=\"https:\/\/linitiative.ca\/International\/wp-content\/uploads\/sites\/23\/2021\/07\/16260202835804.jpg 800w, https:\/\/www.journalducameroun.com\/wp-content\/uploads\/2021\/07\/16260202835804-300x200.jpg 300w, https:\/\/www.journalducameroun.com\/wp-content\/uploads\/2021\/07\/16260202835804-768x512.jpg 768w, https:\/\/www.journalducameroun.com\/wp-content\/uploads\/2021\/07\/16260202835804-660x440.jpg 660w, https:\/\/www.journalducameroun.com\/wp-content\/uploads\/2021\/07\/16260202835804-600x400.jpg 600w\" sizes=\"auto, (max-width: 800px) 100vw, 800px\"><\/p>\n<p>Le recrutement des auditeurs de la 22e promotion du Programme de formation en Gestion de la politique \u00e9conomique \u00ab\u00a0GPE-Abidjan\u00a0\u00bb de l&rsquo;Universit\u00e9 F\u00e9lix Houphou\u00ebt-Boigny, lanc\u00e9 le 22 mai dernier, s&rsquo;ach\u00e8ve le 19 juillet 2021.<\/p>\n<p>Le GPE-Abidjan, programme d&rsquo;excellence de l&rsquo;Universit\u00e9 F\u00e9lix Houphou\u00ebt-Boigny, s&rsquo;impose au fil des ans comme un incubateur de comp\u00e9tences en gestion de la politique \u00e9conomique. Il vise le renforcement des capacit\u00e9s des cadres des administrations publiques et priv\u00e9es de la sous-r\u00e9gion ouest-africaine francophone.<\/p>\n<p>L&rsquo;entr\u00e9e au GPE-Abidjan est soumise \u00e0 un processus rigoureux de s\u00e9lection. La premi\u00e8re \u00e9tape est celle de l&rsquo;analyse de dossiers, qui d\u00e9bute chaque ann\u00e9e en mai pour prendre fin \u00e0 la troisi\u00e8me semaine du mois de juillet.<\/p>\n<p>Les dossiers de candidatures sont re\u00e7us uniquement en ligne sur le site<br \/>\n\thttp:\/\/www.gpe-afrique.net\/recrutement\/\u00a0 et analys\u00e9s par un jury exp\u00e9riment\u00e9. \u00a0<\/p>\n<p>La seconde \u00e9tape, elle, concerne le test de recrutement. Les candidats admissibles apr\u00e8s l&rsquo;analyse de dossiers sont invit\u00e9s \u00e0 se rendre dans les centres retenus \u00e0 cet effet, dans tous les pays couverts par le GPE-Abidjan afin de concourir.\u00a0<\/p>\n<p>Depuis 2017, le GPE-Abidjan dispense deux types de formations dipl\u00f4mantes, en pr\u00e9sentiel et \u00e0 distance, qui d\u00e9bouchent sur un Master des Hautes Etudes en Gestion de la Politique Economique.<\/p>\n<p>De ce fait, les cadres d\u00e9sireux de faire acte de candidature sont invit\u00e9s lors du processus de recrutement \u00e0 op\u00e9rer un choix lors de leur inscription, soit la formation dipl\u00f4mante en pr\u00e9sentiel ou la Formation dipl\u00f4mante ouverte \u00e0 distance (FOAD).<\/p>\n<p>La formation en pr\u00e9sentiel n\u00e9cessite une pr\u00e9sence effective et permanente du candidat admis au GPE-Abidjan durant les douze mois de formation. \u00c0 cet effet, aucune d\u00e9rogation n&rsquo;est possible.<\/p>\n<p>Quant \u00e0 la Formation ouverte \u00e0 distance (FOAD), elle est destin\u00e9e \u00e0 ceux qui, pour des raisons personnelles ou professionnelles, ne peuvent \u00eatre mis en situation de stage pendant douze mois.<\/p>\n<p>Pour la FOAD, les cours se d\u00e9roulent exclusivement en ligne.Cependant, la soutenance du m\u00e9moire professionnel, se d\u00e9roule dans les locaux du Programme GPE-Abidjan, \u00e0 l&rsquo;instar des auditeurs de la formation pr\u00e9sentielle.<\/p>\n<p>Pour \u00eatre \u00e9ligible au GPE-Abidjan, le candidat doit \u00eatre titulaire d&rsquo;une ma\u00eetrise ou d&rsquo;un Master en sciences \u00e9conomiques et de gestion ou d&rsquo;un dipl\u00f4me jug\u00e9 \u00e9quivalent.<\/p>\n<p>En outre, il devrait \u00eatre en activit\u00e9 au moment de la candidature, avoir au moins deux ann\u00e9es d&rsquo;exp\u00e9riences professionnelles, et \u00eatre \u00e2g\u00e9 de moins de 45 ans lors de la candidature. \u00a0\u00a0<\/p>\n<p>La date de cl\u00f4ture des candidatures est pr\u00e9vue le 19 juillet 2021 et la p\u00e9riode de publication de la liste des candidats autoris\u00e9s \u00e0 concourir pour le 27 juillet 2021. \u00a0<\/p>\n<p>L&rsquo;organisation du test \u00e9crit dans les diff\u00e9rents pays a lieu le 05 ao\u00fbt 2021. Un peu plus d&rsquo;un mois apr\u00e8s, notamment le 07 septembre 2021, interviendra la publication de la liste des admis de la 22e promotion.<\/p>\n<p>Le GPE-Abidjan capitalise plus de 20 ans d&rsquo;exp\u00e9riences dans le renforcement des capacit\u00e9s avec plus 650 experts form\u00e9s qui occupent pour la plupart des responsabilit\u00e9s de tr\u00e8s haut niveau dans les administrations publiques et priv\u00e9es.\u00a0<\/p>\n<p>Cet article <a rel=\"nofollow\" href=\"https:\/\/www.journalducameroun.com\/programme-gpe-abidjan-fin-de-recrutement-des-auditeurs-le-19-juillet-2021\/\">Programme GPE-Abidjan: fin de recrutement des auditeurs le 19 juillet 2021<\/a> est apparu en premier sur <a rel=\"nofollow\" href=\"https:\/\/www.journalducameroun.com\/\">Journal du Cameroun<\/a>.<\/p>\n<\/div>\n<p>Auteur: APA News<br \/>\n<a href=\"https:\/\/www.journalducameroun.com\/programme-gpe-abidjan-fin-de-recrutement-des-auditeurs-le-19-juillet-2021\/\">Cliquez ici pour lire l&rsquo;article depuis sa source.<\/a><\/p>\n","protected":false},"excerpt":{"rendered":"<p>Le recrutement des auditeurs de la 22e promotion du Programme de formation en Gestion de la politique \u00e9conomique \u00ab\u00a0GPE-Abidjan\u00a0\u00bb de l&rsquo;Universit\u00e9 F\u00e9lix Houphou\u00ebt-Boigny, lanc\u00e9 le 22 mai dernier, s&rsquo;ach\u00e8ve le 19 juillet 2021. Le GPE-Abidjan, programme d&rsquo;excellence de l&rsquo;Universit\u00e9 F\u00e9lix Houphou\u00ebt-Boigny, s&rsquo;impose au fil des ans comme un incubateur de comp\u00e9tences en gestion de la [&hellip;]<\/p>\n","protected":false},"author":1965,"featured_media":0,"comment_status":"closed","ping_status":"closed","sticky":false,"template":"","format":"standard","meta":{"fifu_image_url":"https:\/\/www.journalducameroun.com\/wp-content\/uploads\/2021\/07\/16260202835804.jpg","fifu_image_alt":"Programme GPE-Abidjan: fin de recrutement des auditeurs le 19 juillet 2021","footnotes":""},"categories":[73,82],"tags":[],"class_list":["post-121111","post","type-post","status-publish","format-standard","hentry","category-actualite","category-cameroun"],"_links":{"self":[{"href":"https:\/\/linitiative.ca\/International\/wp-json\/wp\/v2\/posts\/121111","targetHints":{"allow":["GET"]}}],"collection":[{"href":"https:\/\/linitiative.ca\/International\/wp-json\/wp\/v2\/posts"}],"about":[{"href":"https:\/\/linitiative.ca\/International\/wp-json\/wp\/v2\/types\/post"}],"author":[{"embeddable":true,"href":"https:\/\/linitiative.ca\/International\/wp-json\/wp\/v2\/users\/1965"}],"replies":[{"embeddable":true,"href":"https:\/\/linitiative.ca\/International\/wp-json\/wp\/v2\/comments?post=121111"}],"version-history":[{"count":0,"href":"https:\/\/linitiative.ca\/International\/wp-json\/wp\/v2\/posts\/121111\/revisions"}],"wp:attachment":[{"href":"https:\/\/linitiative.ca\/International\/wp-json\/wp\/v2\/media?parent=121111"}],"wp:term":[{"taxonomy":"category","embeddable":true,"href":"https:\/\/linitiative.ca\/International\/wp-json\/wp\/v2\/categories?post=121111"},{"taxonomy":"post_tag","embeddable":true,"href":"https:\/\/linitiative.ca\/International\/wp-json\/wp\/v2\/tags?post=121111"}],"curies":[{"name":"wp","href":"https:\/\/api.w.org\/{rel}","templated":true}]}}