{"id":121113,"date":"2021-07-11T14:18:02","date_gmt":"2021-07-11T18:18:02","guid":{"rendered":"https:\/\/linitiative.ca\/International\/gbagbo-declare-etre-le-seul-a-ne-pas-revendiquer-etre-le-fils-dhouphouet\/"},"modified":"2021-07-11T14:18:02","modified_gmt":"2021-07-11T18:18:02","slug":"gbagbo-declare-etre-le-seul-a-ne-pas-revendiquer-etre-le-fils-dhouphouet","status":"publish","type":"post","link":"https:\/\/linitiative.ca\/International\/gbagbo-declare-etre-le-seul-a-ne-pas-revendiquer-etre-le-fils-dhouphouet\/","title":{"rendered":"Gbagbo d\u00e9clare \u00eatre \u00ab\u00a0le seul \u00e0 ne pas revendiquer \u00eatre le fils d\u2019Houphou\u00ebt\u00a0\u00bb"},"content":{"rendered":"<div>\n<p><img loading=\"lazy\" decoding=\"async\" width=\"720\" height=\"480\" src=\"https:\/\/linitiative.ca\/International\/wp-content\/uploads\/sites\/23\/2021\/07\/16260274834407.jpg\" class=\"attachment-post-thumbnail size-post-thumbnail wp-post-image\" alt=\"\" srcset=\"https:\/\/linitiative.ca\/International\/wp-content\/uploads\/sites\/23\/2021\/07\/16260274834407.jpg 720w, https:\/\/www.journalducameroun.com\/wp-content\/uploads\/2021\/07\/16260274834407-300x200.jpg 300w, https:\/\/www.journalducameroun.com\/wp-content\/uploads\/2021\/07\/16260274834407-660x440.jpg 660w, https:\/\/www.journalducameroun.com\/wp-content\/uploads\/2021\/07\/16260274834407-600x400.jpg 600w\" sizes=\"auto, (max-width: 720px) 100vw, 720px\"><\/p>\n<p>L&rsquo;ex-pr\u00e9sident ivoirien, Laurent Gbagbo, a d\u00e9clar\u00e9 dimanche \u00eatre \u00ab\u00a0le seul \u00e0 ne pas revendiquer \u00eatre le fils d&rsquo;Houphou\u00ebt\u00a0\u00bb, mais ceux qui le proclament \u00ab\u00a0font ce que Houphou\u00ebt n&rsquo;a pas fait\u00a0\u00bb, lors d&rsquo;une visite \u00e0 Henri Konan B\u00e9di\u00e9 \u00e0 Daoukro (Centre-est).<\/p>\n<p>\u00ab\u00a0Jusqu&rsquo;au aujourd&rsquo;hui, je suis le seul \u00e0 ne pas revendiquer \u00eatre le fils d&rsquo;Houphou\u00ebt\u00a0\u00bb, mais ceux qui le revendiquent \u00ab\u00a0font ce que Houphou\u00ebt n&rsquo;a pas fait\u00a0\u00bb, a d\u00e9clar\u00e9 dans un discours M. Gbagbo, ajoutant \u00ab\u00a0entre vous et moi, qui est le fils du p\u00e8re ?\u00a0\u00bb, d\u00e9clenchant des applaudissements.<\/p>\n<p>M. Gbagbo, en visite chez M. B\u00e9di\u00e9, le chef du Parti d\u00e9mocratique de C\u00f4te d&rsquo;Ivoire \u00a0(Pdci), ex-alli\u00e9 au pouvoir, son ex-rival, n&rsquo;a pas voulu revenir sur certains aspects politiques vu les circonstances, a lanc\u00e9 \u00ab\u00a0on se reverra et je parlerai (&#8230;) pour le moment, je ne peux pas encore parler\u00a0\u00bb.\u00a0<\/p>\n<p>\u00c9voquant l&rsquo;\u00e9lection pr\u00e9sidentielle ivoirienne du 31 octobre 2020, il a confi\u00e9 avoir appel\u00e9 la cha\u00eene de t\u00e9l\u00e9vision TV5 pour dire qu'\u00a0\u00bbil ne fallait pas un troisi\u00e8me mandat\u00a0\u00bb, parce qu&rsquo;en Afrique \u00ab\u00a0on a un probl\u00e8me\u00a0\u00bb, on \u00e9crit les textes \u00ab\u00a0et puis on les froisse et on les jette\u00a0\u00bb.\u00a0<\/p>\n<p>\u00ab\u00a0Quand il y a eu le probl\u00e8me du 3e mandat, j&rsquo;ai repens\u00e9 au probl\u00e8me de 1993. J&rsquo;ai dit, voil\u00e0 le m\u00eame probl\u00e8me du non-respect des textes\u00a0\u00bb, a martel\u00e9 M. Gbagbo, qui estime qu'\u00a0\u00bbil faut se battre pour \u00eatre du c\u00f4t\u00e9 de la Constitution\u00a0\u00bb.\u00a0<\/p>\n<p>Pour lui, la r\u00e9conciliation, c&rsquo;est aussi le respect des textes de la loi fondamentale. En outre, a-t-il ajout\u00e9 \u00ab\u00a0il faut respecter les \u00eatre humains parce que dans cette bataille contre le 3e mandat, dans cette r\u00e9gion, il y a eu des morts (&#8230;)\u00a0\u00bb.<\/p>\n<p>M. Gbagbo a qualifi\u00e9 samedi, \u00e0 son arriv\u00e9e \u00e0 Daoukro, sa visite d'\u00a0\u00bbacte de r\u00e9conciliation et de reconnaissance\u00a0\u00bb, parce que M. B\u00e9di\u00e9, son ex-rival, lui avait rendu visite \u00e0 Bruxelles au moment o\u00f9 il attendait le verdict final sur son acquittement d\u00e9finitif.<\/p>\n<p>L&rsquo;ancien pr\u00e9sident ivoirien Laurent Gbagbo a remerci\u00e9 son h\u00f4te pour l&rsquo;accueil \u00e0 lui r\u00e9serv\u00e9. Il s&rsquo;est r\u00e9joui de la pr\u00e9sence des chefs traditionnels et coutumiers qui sont venus le saluer ainsi que les cadres du Pdci.<\/p>\n<p>Cet article <a rel=\"nofollow\" href=\"https:\/\/www.journalducameroun.com\/gbagbo-declare-etre-le-seul-a-ne-pas-revendiquer-etre-le-fils-dhouphouet\/\">Gbagbo d\u00e9clare \u00eatre \u00ab\u00a0le seul \u00e0 ne pas revendiquer \u00eatre le fils d\u2019Houphou\u00ebt\u00a0\u00bb<\/a> est apparu en premier sur <a rel=\"nofollow\" href=\"https:\/\/www.journalducameroun.com\/\">Journal du Cameroun<\/a>.<\/p>\n<\/div>\n<p>Auteur: APA News<br \/>\n<a href=\"https:\/\/www.journalducameroun.com\/gbagbo-declare-etre-le-seul-a-ne-pas-revendiquer-etre-le-fils-dhouphouet\/\">Cliquez ici pour lire l&rsquo;article depuis sa source.<\/a><\/p>\n","protected":false},"excerpt":{"rendered":"<p>L&rsquo;ex-pr\u00e9sident ivoirien, Laurent Gbagbo, a d\u00e9clar\u00e9 dimanche \u00eatre \u00ab\u00a0le seul \u00e0 ne pas revendiquer \u00eatre le fils d&rsquo;Houphou\u00ebt\u00a0\u00bb, mais ceux qui le proclament \u00ab\u00a0font ce que Houphou\u00ebt n&rsquo;a pas fait\u00a0\u00bb, lors d&rsquo;une visite \u00e0 Henri Konan B\u00e9di\u00e9 \u00e0 Daoukro (Centre-est). \u00ab\u00a0Jusqu&rsquo;au aujourd&rsquo;hui, je suis le seul \u00e0 ne pas revendiquer \u00eatre le fils d&rsquo;Houphou\u00ebt\u00a0\u00bb, mais [&hellip;]<\/p>\n","protected":false},"author":1965,"featured_media":0,"comment_status":"closed","ping_status":"closed","sticky":false,"template":"","format":"standard","meta":{"fifu_image_url":"https:\/\/www.journalducameroun.com\/wp-content\/uploads\/2021\/07\/16260274834407.jpg","fifu_image_alt":"Gbagbo d\u00e9clare \u00eatre \u00ab\u00a0le seul \u00e0 ne pas revendiquer \u00eatre le fils d\u2019Houphou\u00ebt\u00a0\u00bb","footnotes":""},"categories":[73,82],"tags":[],"class_list":["post-121113","post","type-post","status-publish","format-standard","hentry","category-actualite","category-cameroun"],"_links":{"self":[{"href":"https:\/\/linitiative.ca\/International\/wp-json\/wp\/v2\/posts\/121113","targetHints":{"allow":["GET"]}}],"collection":[{"href":"https:\/\/linitiative.ca\/International\/wp-json\/wp\/v2\/posts"}],"about":[{"href":"https:\/\/linitiative.ca\/International\/wp-json\/wp\/v2\/types\/post"}],"author":[{"embeddable":true,"href":"https:\/\/linitiative.ca\/International\/wp-json\/wp\/v2\/users\/1965"}],"replies":[{"embeddable":true,"href":"https:\/\/linitiative.ca\/International\/wp-json\/wp\/v2\/comments?post=121113"}],"version-history":[{"count":0,"href":"https:\/\/linitiative.ca\/International\/wp-json\/wp\/v2\/posts\/121113\/revisions"}],"wp:attachment":[{"href":"https:\/\/linitiative.ca\/International\/wp-json\/wp\/v2\/media?parent=121113"}],"wp:term":[{"taxonomy":"category","embeddable":true,"href":"https:\/\/linitiative.ca\/International\/wp-json\/wp\/v2\/categories?post=121113"},{"taxonomy":"post_tag","embeddable":true,"href":"https:\/\/linitiative.ca\/International\/wp-json\/wp\/v2\/tags?post=121113"}],"curies":[{"name":"wp","href":"https:\/\/api.w.org\/{rel}","templated":true}]}}