{"id":121115,"date":"2021-07-11T17:34:47","date_gmt":"2021-07-11T21:34:47","guid":{"rendered":"https:\/\/linitiative.ca\/International\/cameroun-le-president-de-la-republique-paul-biya-renoue-avec-les-sejours-prives-en-europe\/"},"modified":"2021-07-11T17:34:47","modified_gmt":"2021-07-11T21:34:47","slug":"cameroun-le-president-de-la-republique-paul-biya-renoue-avec-les-sejours-prives-en-europe","status":"publish","type":"post","link":"https:\/\/linitiative.ca\/International\/cameroun-le-president-de-la-republique-paul-biya-renoue-avec-les-sejours-prives-en-europe\/","title":{"rendered":"Cameroun\u00a0: le pr\u00e9sident de la R\u00e9publique Paul Biya renoue avec les s\u00e9jours priv\u00e9s en Europe"},"content":{"rendered":"<div>\n<p><img loading=\"lazy\" decoding=\"async\" width=\"750\" height=\"400\" src=\"https:\/\/linitiative.ca\/International\/wp-content\/uploads\/sites\/23\/2021\/07\/1626038437935_1626038426968_1626038420894_Sejour-Prive-du-couple-PR-revelation.jpg\" class=\"attachment-post-thumbnail size-post-thumbnail wp-post-image\" alt=\"\" srcset=\"https:\/\/linitiative.ca\/International\/wp-content\/uploads\/sites\/23\/2021\/07\/1626038437935_1626038426968_1626038420894_Sejour-Prive-du-couple-PR-revelation.jpg 750w, https:\/\/www.journalducameroun.com\/wp-content\/uploads\/2021\/07\/1626038437935_1626038426968_1626038420894_Sejour-Prive-du-couple-PR-revelation-300x160.jpg 300w, https:\/\/www.journalducameroun.com\/wp-content\/uploads\/2021\/07\/1626038437935_1626038426968_1626038420894_Sejour-Prive-du-couple-PR-revelation-600x320.jpg 600w\" sizes=\"auto, (max-width: 750px) 100vw, 750px\"><\/p>\n<h5 style=\"font-weight: 400;\"><strong>Apr\u00e8s pr\u00e8s de deux ans sans sortir du pays,\u00a0\u00a0le chef de l\u2019Etat camerounais a quitt\u00e9 Yaound\u00e9 ce dimanche 11 juillet\u00a0\u00a0en fin de matin\u00e9e, en compagnie de son \u00e9pouse, madame Chantal Biya, \u00ab\u00a0pour un court s\u00e9jour priv\u00e9 en Europe\u00a0\u00bb.<\/strong><\/h5>\n<p>\u00a0<\/p>\n<p style=\"font-weight: 400;\">Le communiqu\u00e9 du Directeur du Cabinet civil de la pr\u00e9sidence de la R\u00e9publique lu sur les antennes de la Crtv ce 11 juillet 2021 indique\u00a0\u00a0clairement que le pr\u00e9sident de la R\u00e9publique, accompagn\u00e9 de Madame Chantal BIYA, a quitt\u00e9 Yaound\u00e9 ce dimanche, en fin de matin\u00e9e, pour un bref s\u00e9jour priv\u00e9 en Europe.<\/p>\n<p style=\"font-weight: 400;\">C\u2019\u00e9tait devenu inhabituel,tuberculose et le paludisme dans la ville de Lyon en France du 09 au 10 octobre 2019.<\/p>\n<p style=\"font-weight: 400;\">Donc, Paul Biya est rest\u00e9 au Cameroun deux ans environ sans se rendre \u00e0 l\u2019\u00e9tranger. Un fait rare pour cet homme qui est \u00e2g\u00e9 de 88 ans\u00a0!<\/p>\n<p>Cet article <a rel=\"nofollow\" href=\"https:\/\/www.journalducameroun.com\/cameroun-le-president-de-la-republique-paul-biya-renoue-avec-les-sejours-prives-en-europe-cameroun\/\">Cameroun\u00a0: le pr\u00e9sident de la R\u00e9publique Paul Biya renoue avec les s\u00e9jours priv\u00e9s en Europe<\/a> est apparu en premier sur <a rel=\"nofollow\" href=\"https:\/\/www.journalducameroun.com\/\">Journal du Cameroun<\/a>.<\/p>\n<\/div>\n<p>Auteur: Christian DJIMADEU<br \/>\n<a href=\"https:\/\/www.journalducameroun.com\/cameroun-le-president-de-la-republique-paul-biya-renoue-avec-les-sejours-prives-en-europe-cameroun\/\">Cliquez ici pour lire l&rsquo;article depuis sa source.<\/a><\/p>\n","protected":false},"excerpt":{"rendered":"<p>Apr\u00e8s pr\u00e8s de deux ans sans sortir du pays,\u00a0\u00a0le chef de l\u2019Etat camerounais a quitt\u00e9 Yaound\u00e9 ce dimanche 11 juillet\u00a0\u00a0en fin de matin\u00e9e, en compagnie de son \u00e9pouse, madame Chantal Biya, \u00ab\u00a0pour un court s\u00e9jour priv\u00e9 en Europe\u00a0\u00bb. \u00a0 Le communiqu\u00e9 du Directeur du Cabinet civil de la pr\u00e9sidence de la R\u00e9publique lu sur les [&hellip;]<\/p>\n","protected":false},"author":1965,"featured_media":0,"comment_status":"closed","ping_status":"closed","sticky":false,"template":"","format":"standard","meta":{"fifu_image_url":"https:\/\/www.journalducameroun.com\/wp-content\/uploads\/2021\/07\/1626038437935_1626038426968_1626038420894_Sejour-Prive-du-couple-PR-revelation.jpg","fifu_image_alt":"Cameroun\u00a0: le pr\u00e9sident de la R\u00e9publique Paul Biya renoue avec les s\u00e9jours priv\u00e9s en Europe","footnotes":""},"categories":[73,82],"tags":[],"class_list":["post-121115","post","type-post","status-publish","format-standard","hentry","category-actualite","category-cameroun"],"_links":{"self":[{"href":"https:\/\/linitiative.ca\/International\/wp-json\/wp\/v2\/posts\/121115","targetHints":{"allow":["GET"]}}],"collection":[{"href":"https:\/\/linitiative.ca\/International\/wp-json\/wp\/v2\/posts"}],"about":[{"href":"https:\/\/linitiative.ca\/International\/wp-json\/wp\/v2\/types\/post"}],"author":[{"embeddable":true,"href":"https:\/\/linitiative.ca\/International\/wp-json\/wp\/v2\/users\/1965"}],"replies":[{"embeddable":true,"href":"https:\/\/linitiative.ca\/International\/wp-json\/wp\/v2\/comments?post=121115"}],"version-history":[{"count":0,"href":"https:\/\/linitiative.ca\/International\/wp-json\/wp\/v2\/posts\/121115\/revisions"}],"wp:attachment":[{"href":"https:\/\/linitiative.ca\/International\/wp-json\/wp\/v2\/media?parent=121115"}],"wp:term":[{"taxonomy":"category","embeddable":true,"href":"https:\/\/linitiative.ca\/International\/wp-json\/wp\/v2\/categories?post=121115"},{"taxonomy":"post_tag","embeddable":true,"href":"https:\/\/linitiative.ca\/International\/wp-json\/wp\/v2\/tags?post=121115"}],"curies":[{"name":"wp","href":"https:\/\/api.w.org\/{rel}","templated":true}]}}