{"id":121117,"date":"2021-07-11T09:13:53","date_gmt":"2021-07-11T13:13:53","guid":{"rendered":"https:\/\/linitiative.ca\/International\/rehabilitation-la-camerounaise-du-metal-prend-possession-du-site-de-lex-cellucam\/"},"modified":"2021-07-11T09:13:53","modified_gmt":"2021-07-11T13:13:53","slug":"rehabilitation-la-camerounaise-du-metal-prend-possession-du-site-de-lex-cellucam","status":"publish","type":"post","link":"https:\/\/linitiative.ca\/International\/rehabilitation-la-camerounaise-du-metal-prend-possession-du-site-de-lex-cellucam\/","title":{"rendered":"R\u00e9habilitation : \u00abla Camerounaise du M\u00e9tal\u00bb prend possession du site de l\u2019ex-Cellucam"},"content":{"rendered":"<div>\n<p>\u00abLa Camerounaise du M\u00e9tal\u00bb a finalement pris ses quartiers sur le site de l\u2019ex-Cellulose du Cameroun (Cellulose). La c\u00e9r\u00e9monie officielle de prise de site s\u2019est d\u00e9roul\u00e9e sous la pr\u00e9sidence du Pr\u00e9fet de la Sanaga maritime, Cyrille Ivan Abondo, en pr\u00e9sence de nombreuses autorit\u00e9s dont, Albert Nlend, le Maire de la ville d\u2019Ed\u00e9a. \u00abLa Camerounaise du M\u00e9tal\u00bb aura pr\u00e9cis\u00e9ment pour mission, d\u2019apr\u00e8s Antoine Mpoual Mbarga, le Directeur g\u00e9n\u00e9ral de cette entreprise, de viabiliser le site abandonn\u00e9 depuis la cessation d\u2019activit\u00e9s de la Cellucam. Il s\u2019agit pr\u00e9cis\u00e9ment pour elle d\u2019engager des travaux de r\u00e9habilitation de b\u00e2timents, d\u00e9construction d\u2019\u00e9chafaudages, d\u00e9pollution, de d\u00e9contamination des infrastructures obsol\u00e8tes, et de lotissement du site. Le cahier de charges de \u00abLa Camerounaise du M\u00e9tal\u00bb pr\u00e9voit par ailleurs l\u2019installation de commodit\u00e9s de base pr\u00e9paratoires \u00e0 l\u2019implantation des soci\u00e9t\u00e9s de transformation de bois. \u00abLa Camerounaise du M\u00e9tal va contribuer de mani\u00e8re significative au recul du ch\u00f4mage et de la pauvret\u00e9 dans la ville d\u2019Ed\u00e9a\u00bb, a exprim\u00e9 Albert Nlend.<\/p>\n<p><strong>Lire aussi<\/strong> : <strong><a href=\"https:\/\/ecomatin.net\/une-technopole-industrielle-pour-remplacer-la-cellucam\/\">Une technopole industrielle pour remplacer la Cellucam<\/a><\/strong><\/p>\n<p>Pour Cyrille Ivan Abondo, cette initiative permettra au site de l\u2019ex-Cellucam d\u2019entamer sa mue: \u00abLa Camerounaise du M\u00e9tal vient donner une nouvelle vie \u00e0 ce site\u00bb, s\u2019est prononc\u00e9 le Pr\u00e9fet de la Sanaga maritime. C\u2019est en effet depuis plus de 30 ans que les installations de la d\u00e9funte Cellucam sont frapp\u00e9es de ruine. L\u2019espoir d\u2019une restauration de site a d\u00e9but\u00e9 le 12 mai 2020 apr\u00e8s la signature entre l\u2019Etat du Cameroun et la Soci\u00e9t\u00e9 camerounaise d\u2019industrialisation et d\u2019exploitation de bois (Scieb), d\u2019un m\u00e9morandum d\u2019entente pour la construction d\u2019un technopole industriel de transformation du bois, un centre de formation aux m\u00e9tiers du bois, une zone de recherche et de d\u00e9veloppement, des structures commerciales et d\u2019accompagnement des entreprises, petites et moyennes entreprises nationale du secteur bois, une unit\u00e9 de production de bio\u00e9nergie \u00e0 base de rebuts de production de l\u2019usine, et une usine de production de p\u00e2te \u00e0 papier. Co\u00fbt du projet 80 milliards de FCFA, de 2020 \u00e0 2027.<\/p>\n<p><strong>Lire aussi<\/strong> : <strong><a href=\"https:\/\/ecomatin.net\/budget-2021-le-secteur-productif-sollicite-237737-milliards-de-fcfa\/\">Budget 2021 : le secteur productif sollicite 237,737 milliards de Fcfa<\/a><\/strong><\/p>\n<p>La prise de site du 8 juillet marque ainsi l\u2019aboutissement de pourparlers et n\u00e9gociations entre le Minist\u00e8re de l\u2019industrie, des mines et du d\u00e9veloppement technologique (Minmidt) et les responsables de la soci\u00e9t\u00e9 \u00abLa Camerounaise du M\u00e9tal\u00bb. Le site de l\u2019ex-Cellucam devra par cons\u00e9quent conna\u00eetre, dans les prochains jours, d\u2019importants am\u00e9nagements.\u00a0<\/p>\n<p>L\u2019article <a rel=\"nofollow\" href=\"https:\/\/ecomatin.net\/rehabilitation-lla-camerounaise-du-metall-prend-possessionn-du-site-de-lex-cellucam\/\">R\u00e9habilitation : \u00abla Camerounaise du M\u00e9tal\u00bb prend possession du site de l\u2019ex-Cellucam<\/a> est apparu en premier sur <a rel=\"nofollow\" href=\"https:\/\/ecomatin.net\/\">EcoMatin<\/a>.<\/p>\n<\/div>\n<p>Auteur: Georges Semey<br \/>\n<a href=\"https:\/\/ecomatin.net\/rehabilitation-lla-camerounaise-du-metall-prend-possessionn-du-site-de-lex-cellucam\/\">Cliquez ici pour lire l&rsquo;article depuis sa source.<\/a><\/p>\n","protected":false},"excerpt":{"rendered":"<p>\u00abLa Camerounaise du M\u00e9tal\u00bb a finalement pris ses quartiers sur le site de l\u2019ex-Cellulose du Cameroun (Cellulose). La c\u00e9r\u00e9monie officielle de prise de site s\u2019est d\u00e9roul\u00e9e sous la pr\u00e9sidence du Pr\u00e9fet de la Sanaga maritime, Cyrille Ivan Abondo, en pr\u00e9sence de nombreuses autorit\u00e9s dont, Albert Nlend, le Maire de la ville d\u2019Ed\u00e9a. \u00abLa Camerounaise du [&hellip;]<\/p>\n","protected":false},"author":1969,"featured_media":0,"comment_status":"closed","ping_status":"closed","sticky":false,"template":"","format":"standard","meta":{"fifu_image_url":"","fifu_image_alt":"","footnotes":""},"categories":[82,78],"tags":[],"class_list":["post-121117","post","type-post","status-publish","format-standard","hentry","category-cameroun","category-economie"],"_links":{"self":[{"href":"https:\/\/linitiative.ca\/International\/wp-json\/wp\/v2\/posts\/121117","targetHints":{"allow":["GET"]}}],"collection":[{"href":"https:\/\/linitiative.ca\/International\/wp-json\/wp\/v2\/posts"}],"about":[{"href":"https:\/\/linitiative.ca\/International\/wp-json\/wp\/v2\/types\/post"}],"author":[{"embeddable":true,"href":"https:\/\/linitiative.ca\/International\/wp-json\/wp\/v2\/users\/1969"}],"replies":[{"embeddable":true,"href":"https:\/\/linitiative.ca\/International\/wp-json\/wp\/v2\/comments?post=121117"}],"version-history":[{"count":0,"href":"https:\/\/linitiative.ca\/International\/wp-json\/wp\/v2\/posts\/121117\/revisions"}],"wp:attachment":[{"href":"https:\/\/linitiative.ca\/International\/wp-json\/wp\/v2\/media?parent=121117"}],"wp:term":[{"taxonomy":"category","embeddable":true,"href":"https:\/\/linitiative.ca\/International\/wp-json\/wp\/v2\/categories?post=121117"},{"taxonomy":"post_tag","embeddable":true,"href":"https:\/\/linitiative.ca\/International\/wp-json\/wp\/v2\/tags?post=121117"}],"curies":[{"name":"wp","href":"https:\/\/api.w.org\/{rel}","templated":true}]}}