{"id":121119,"date":"2021-07-12T08:30:22","date_gmt":"2021-07-12T12:30:22","guid":{"rendered":"https:\/\/linitiative.ca\/International\/22-propositions-concretes-pour-changer-notre-quotidien\/"},"modified":"2021-07-12T08:30:22","modified_gmt":"2021-07-12T12:30:22","slug":"22-propositions-concretes-pour-changer-notre-quotidien","status":"publish","type":"post","link":"https:\/\/linitiative.ca\/International\/22-propositions-concretes-pour-changer-notre-quotidien\/","title":{"rendered":"22 propositions concr\u00e8tes  pour changer notre quotidien !"},"content":{"rendered":"<div>\n<p><img decoding=\"async\" width=\"300\" height=\"153\" src=\"https:\/\/linitiative.ca\/International\/wp-content\/uploads\/sites\/23\/2021\/07\/Ahmed-GHAYET-1-300x153-2.jpg\" class=\"attachment-medium size-medium wp-post-image\" alt=\"\" loading=\"lazy\" srcset=\"\/\/aujourdhui.ma\/wp-content\/uploads\/2018\/11\/Ahmed-GHAYET-1-300x153.jpg 300w, \/\/aujourdhui.ma\/wp-content\/uploads\/2018\/11\/Ahmed-GHAYET-1.jpg 746w\" sizes=\"auto, (max-width: 300px) 100vw, 300px\"><\/p>\n<p><span style=\"color: #800000;\"><strong>Avec les jeunes militants associatifs de diff\u00e9rentes villes du Maroc et de jeunes MRE nous poursuivons notre travail de r\u00e9flexion autour du \u00abMaroc d\u2019apr\u00e8s\u00bb.<\/strong><\/span><span id=\"more-381469\"><\/span><\/p>\n<p>Ce samedi \u00e0 l\u2019initiative de l\u2019association des jeunes \u00ab109\u00bb \u00e0 Casa, s\u2019est tenue la 1\u00e8re d\u2019une nouvelle forme d\u2019activit\u00e9s autour de ce th\u00e8me \u00abGlissa autour de l\u2019arbre\u00bb qui permet aux jeunes de se retrouver de fa\u00e7on informelle afin de faire part de leurs id\u00e9es et propositions et d\u2019en d\u00e9battre entre eux\u2026<br \/>\nJe voudrais ici vous retracer \u2013 dans le d\u00e9sordre- quelques-unes des id\u00e9es fortes port\u00e9es par ces jeunes et qui sous-tendent les discussions de \u00abGlissa autour de l\u2019arbre\u00bb, appel\u00e9es \u00e0 se multiplier tout l\u2019\u00e9t\u00e9 \u00e0 travers le pays, les partis politiques pourraient s\u2019en inspirer et nous donner ainsi (et tout particuli\u00e8rement \u00e0 la jeunesse) des raisons concr\u00e8tes d\u2019aller voter.<br \/>\n\u2013 Commuer les peines d\u2019emprisonnement des jeunes ayant commis un acte de \u00abpetite\u00bb d\u00e9linquance en peines de travaux d\u2019int\u00e9r\u00eat g\u00e9n\u00e9ral.<br \/>\n\u2013 Revoir le code p\u00e9nal pour int\u00e9grer des sanctions contre les propos racistes.<\/p>\n<p>\u2013 Que les \u00e9trangers vivant au Maroc et y payant leurs imp\u00f4ts locaux puissent voter aux \u00e9lections locales et participer ainsi pleinement \u00e0 la vie de la cit\u00e9.<br \/>\n\u2013 Cr\u00e9ation d\u2019une aide mensuelle conditionnelle \u00e0 l\u2019engagement des familles dans la scolarisation de leurs enfants, inspir\u00e9e du mod\u00e8le br\u00e9silien \u00ab bolsa famila \u00bb.<br \/>\n\u2013 Cr\u00e9ation de classes pr\u00e9- \u00e9l\u00e9mentaires (classes maternelles) dans les quartiers populaires.<br \/>\n\u2013 Evaluer r\u00e9guli\u00e8rement la qualit\u00e9 de l\u2019enseignement avec des pratiques de recyclage pour les enseignants (et bien s\u00fbr lutter contre l\u2019absent\u00e9isme du personnel enseignant).<br \/>\n\u2013 Donner le statut de stage \u00e0 toute activit\u00e9 para-universitaire organis\u00e9e par les \u00e9tudiants.<br \/>\n\u2013 Instaurer une fili\u00e8re \u00absport-\u00e9tude\u00bb dans le cursus scolaire, Int\u00e9grer l\u2019\u00e9ducation sexuelle au programme scolaire.<br \/>\n\u2013 Cr\u00e9ation d\u2019une sorte de \u00abcontrat social\u00bb entre \u00abEntreprises- ONG- Jeunes\u00bb<br \/>\n\u2013 Encourager les \u00e9changes et activit\u00e9s inter- confessionnels dans les coll\u00e8ges et lyc\u00e9es, que les \u00e9l\u00e8ves b\u00e9n\u00e9ficient d\u2019une culture religieuse de base concernant les principales religions.<br \/>\n\u2013 Exiger des collectivit\u00e9s locales un budget d\u00e9di\u00e9 \u00e0 la culture pour les jeunes (livre -biblio itin\u00e9rantes-, spectacle vivant -danse, th\u00e9\u00e2tre, audiovisuel, musique\/ et des communes un<br \/>\nvrai budget et de vrais postes pour animer les quartiers.<br \/>\n\u2013 Mettre \u00e0 disposition les locaux scolaires (pr\u00e9aux, cours, terrains de sport \u2026) au profit des associations de jeunes, notamment lors des week-end et des vacances scolaires.<br \/>\nEn contrepartie les associations devront se charger de la propret\u00e9 des lieux et faire b\u00e9n\u00e9ficier les \u00e9l\u00e8ves de l\u2019\u00e9tablissement des activit\u00e9s p\u00e9ri-scolaires.<br \/>\n\u2013 Instaurer une carte de transport \u00e0 tarif tr\u00e8s r\u00e9duit pour les jeunes militant au sein d\u2019une association, pratiquant un sport ou effectuant un stage.<br \/>\n\u2013 Que dans chaque nouveau quartier construit soit pr\u00e9vu un espace culturel commun \u00e9quip\u00e9 de tables et muni de dictionnaires, livres\u2026 o\u00f9 un animateur pourrait assurer l\u2019aide aux devoirs ou\/et les conseils d\u2019orientation.<br \/>\n\u2013 Installer dans les quartiers des \u00e9quipes d\u2019animateurs, d\u2019\u00e9ducateurs, de m\u00e9diateurs.<br \/>\n\u2013 Simplifier la vie des personnes en situation de handicap : par l\u2019installation des feux sonores pour les personnes non voyantes et malvoyantes; par des bus accessibles aux personnes \u00e0 mobilit\u00e9 r\u00e9duite ou mettre \u00e0 leur disposition des minis-bus am\u00e9nag\u00e9s.<\/p>\n<p>\u2013 Exiger d\u2019une entreprise lorsqu\u2019elle s\u2019installe dans une province, une ville ou un quartier, qu\u2019elle embauche un pourcentage de jeunes de cette province, cette ville ou ce quartier (discrimination positive).<br \/>\n\u2013 Ajouter aux fonctions de l\u2019Anapec un volet \u00abPr\u00e9paration \u00e0 l\u2019emploi\u00bb : afin que la jeunesse marocaine puisse avoir des rep\u00e8res communs, partage un espace et des interlocuteurs communs, soit re\u00e7ue sans diff\u00e9rence de traitement, pour qu\u2019elle ait un relais administratif qui ne soit pas synonyme de tracas.<br \/>\n\u2013 R\u00e9former le service public et l\u2019administration : L\u2019obtention des documents administratifs et l\u2019accomplissement de toutes les d\u00e9marches doivent \u00eatre facilit\u00e9s. Le syst\u00e8me doit \u00eatre repens\u00e9 dans son ensemble, l\u2019acc\u00e8s via Internet pour les demandes\/retraits de document doit \u00eatre g\u00e9n\u00e9ralis\u00e9.<\/p>\n<p>\u2013 Instaurer un syst\u00e8me d\u2019attente par \u00ab num\u00e9ros \u00bb dans les diff\u00e9rentes administrations.<br \/>\n\u2013 Limiter et contr\u00f4ler les \u00abavantages en nature\u00bb dans la fonction publique (voiture de service, bons d\u2019essence, logement de fonction, chauffeur\u2026) et veiller que ceux ci soient strictement utilis\u00e9s dans le cadre du travail et des missions qui y sont li\u00e9es.<br \/>\n\u2013 Que les services publics et l\u2019administration introduisent le service client et pour cela fonctionnent comme de v\u00e9ritables entreprises, en introduisant la notion de service et la notion de rentabilit\u00e9.<\/p>\n<\/div>\n<p>Auteur: Ahmed GHAYET<br \/>\n<a href=\"https:\/\/aujourdhui.ma\/chroniques\/22-propositions-concretes-pour-changer-notre-quotidien\">Cliquez ici pour lire l&rsquo;article depuis sa source.<\/a><\/p>\n","protected":false},"excerpt":{"rendered":"<p>Avec les jeunes militants associatifs de diff\u00e9rentes villes du Maroc et de jeunes MRE nous poursuivons notre travail de r\u00e9flexion autour du \u00abMaroc d\u2019apr\u00e8s\u00bb. Ce samedi \u00e0 l\u2019initiative de l\u2019association des jeunes \u00ab109\u00bb \u00e0 Casa, s\u2019est tenue la 1\u00e8re d\u2019une nouvelle forme d\u2019activit\u00e9s autour de ce th\u00e8me \u00abGlissa autour de l\u2019arbre\u00bb qui permet aux jeunes [&hellip;]<\/p>\n","protected":false},"author":1759,"featured_media":0,"comment_status":"closed","ping_status":"closed","sticky":false,"template":"","format":"standard","meta":{"fifu_image_url":"https:\/\/aujourdhui.ma\/wp-content\/uploads\/2018\/11\/Ahmed-GHAYET-1-300x153.jpg","fifu_image_alt":"22 propositions concr\u00e8tes  pour changer notre quotidien !","footnotes":""},"categories":[73,54],"tags":[],"class_list":["post-121119","post","type-post","status-publish","format-standard","hentry","category-actualite","category-maroc"],"_links":{"self":[{"href":"https:\/\/linitiative.ca\/International\/wp-json\/wp\/v2\/posts\/121119","targetHints":{"allow":["GET"]}}],"collection":[{"href":"https:\/\/linitiative.ca\/International\/wp-json\/wp\/v2\/posts"}],"about":[{"href":"https:\/\/linitiative.ca\/International\/wp-json\/wp\/v2\/types\/post"}],"author":[{"embeddable":true,"href":"https:\/\/linitiative.ca\/International\/wp-json\/wp\/v2\/users\/1759"}],"replies":[{"embeddable":true,"href":"https:\/\/linitiative.ca\/International\/wp-json\/wp\/v2\/comments?post=121119"}],"version-history":[{"count":0,"href":"https:\/\/linitiative.ca\/International\/wp-json\/wp\/v2\/posts\/121119\/revisions"}],"wp:attachment":[{"href":"https:\/\/linitiative.ca\/International\/wp-json\/wp\/v2\/media?parent=121119"}],"wp:term":[{"taxonomy":"category","embeddable":true,"href":"https:\/\/linitiative.ca\/International\/wp-json\/wp\/v2\/categories?post=121119"},{"taxonomy":"post_tag","embeddable":true,"href":"https:\/\/linitiative.ca\/International\/wp-json\/wp\/v2\/tags?post=121119"}],"curies":[{"name":"wp","href":"https:\/\/api.w.org\/{rel}","templated":true}]}}