{"id":121121,"date":"2021-07-12T10:08:02","date_gmt":"2021-07-12T14:08:02","guid":{"rendered":"https:\/\/linitiative.ca\/International\/y-compris-des-marocains-32-jeunes-arabes-developpent-des-projets-creatifs-pour-leur-communaute\/"},"modified":"2021-07-12T10:08:02","modified_gmt":"2021-07-12T14:08:02","slug":"y-compris-des-marocains-32-jeunes-arabes-developpent-des-projets-creatifs-pour-leur-communaute","status":"publish","type":"post","link":"https:\/\/linitiative.ca\/International\/y-compris-des-marocains-32-jeunes-arabes-developpent-des-projets-creatifs-pour-leur-communaute\/","title":{"rendered":"Y compris des Marocains : 32 jeunes arabes d\u00e9veloppent des projets cr\u00e9atifs  pour leur communaut\u00e9"},"content":{"rendered":"<div>\n<p><img decoding=\"async\" width=\"300\" height=\"153\" src=\"https:\/\/linitiative.ca\/International\/wp-content\/uploads\/sites\/23\/2021\/07\/Moyaed-Abu-Ammouna-film4-300x153-1.jpg\" class=\"attachment-medium size-medium wp-post-image\" alt=\"\" loading=\"lazy\" srcset=\"\/\/aujourdhui.ma\/wp-content\/uploads\/2021\/07\/Moyaed-Abu-Ammouna-film4-300x153.jpg 300w, \/\/aujourdhui.ma\/wp-content\/uploads\/2021\/07\/Moyaed-Abu-Ammouna-film4-274x140.jpg 274w, \/\/aujourdhui.ma\/wp-content\/uploads\/2021\/07\/Moyaed-Abu-Ammouna-film4.jpg 746w, \/\/aujourdhui.ma\/wp-content\/uploads\/2021\/07\/Moyaed-Abu-Ammouna-film4-165x84.jpg 165w, \/\/aujourdhui.ma\/wp-content\/uploads\/2021\/07\/Moyaed-Abu-Ammouna-film4-702x358.jpg 702w\" sizes=\"auto, (max-width: 300px) 100vw, 300px\"><\/p>\n<p><span style=\"color: #800000;\"><strong>Un groupe de 32 jeunes cr\u00e9atifs, individus et entit\u00e9s provenant de sept pays arabes dont le Maroc viennent de cr\u00e9er des passerelles entre la culture, la citoyennet\u00e9 et les territoires locaux.<\/strong><\/span><span id=\"more-381456\"><\/span><\/p>\n<p>Une initiative concr\u00e9tis\u00e9e de par le soutien de All-Around Culture, un programme r\u00e9gional, co-financ\u00e9 par l\u2019Union europ\u00e9enne, qui a comme l\u2019une des composantes la Youth-Led Cultural and Civic Initiatives (YLCCI) lanc\u00e9e officiellement depuis avril dernier pour se poursuivre jusqu\u2019\u00e0 d\u00e9but 2022. L\u2019objectif \u00e9tant, selon ce programme, \u00abd\u2019accro\u00eetre l\u2019acc\u00e8s \u00e0 la culture et \u00e0 initier un dialogue interculturel \u00e0 travers des projets artistiques communautaires, collaboratifs et mis en contexte\u00bb.<br \/>\nEn d\u00e9tail, ce sont plus de 377 candidatures qui ont \u00e9t\u00e9 re\u00e7ues en l\u2019espace de deux mois seulement apr\u00e8s le lancement d\u2019un appel \u00e0 projets. Comme le pr\u00e9cise le m\u00eame programme, des jeunes ayant entre 18 et 35 ans venant d\u2019Alg\u00e9rie, d\u2019\u00c9gypte, de Jordanie, du Liban, du Maroc, de Palestine, de Tunisie et de la diaspora libyenne et syrienne se sont pr\u00e9cipit\u00e9s pour soumettre leurs projets cr\u00e9atifs en vue d\u2019entrer dans la s\u00e9lection du YLCCI.<\/p>\n<p>\u00abLe YLCCI a r\u00e9pondu \u00e0 une r\u00e9alit\u00e9 que nous avons pu esquisser \u00e0 partir des \u00e9valuations des besoins et des le\u00e7ons apprises des programmes pr\u00e9c\u00e9dents\u00bb, explique Mohab Saber, le coordinateur de All-Around Culture, le programme qui sert d\u2019ombrelle au YLCCI. Tel qu\u2019il l\u2019indique, \u00abnotre objectif principal consiste \u00e0 favoriser un \u00e9cosyst\u00e8me culturel vital, sp\u00e9cialement dans les r\u00e9gions d\u00e9favoris\u00e9es, et \u00e0 nourrir la diversit\u00e9 et le dialogue entre l\u2019ensemble des acteurs culturels de la r\u00e9gion\u00bb.<\/p>\n<p><a href=\"https:\/\/linitiative.ca\/International\/wp-content\/uploads\/sites\/23\/2021\/07\/Tarfaya-ruins-3-Imen-Jamil-_-Faten-Arfani.jpg\"><img decoding=\"async\" loading=\"lazy\" class=\"alignnone size-full wp-image-381459\" src=\"https:\/\/linitiative.ca\/International\/wp-content\/uploads\/sites\/23\/2021\/07\/Tarfaya-ruins-3-Imen-Jamil-_-Faten-Arfani.jpg\" alt=\"\" width=\"746\" height=\"380\" srcset=\"\/\/aujourdhui.ma\/wp-content\/uploads\/2021\/07\/Tarfaya-ruins-3-Imen-Jamil-_-Faten-Arfani.jpg 746w, \/\/aujourdhui.ma\/wp-content\/uploads\/2021\/07\/Tarfaya-ruins-3-Imen-Jamil-_-Faten-Arfani-300x153.jpg 300w, \/\/aujourdhui.ma\/wp-content\/uploads\/2021\/07\/Tarfaya-ruins-3-Imen-Jamil-_-Faten-Arfani-274x140.jpg 274w, \/\/aujourdhui.ma\/wp-content\/uploads\/2021\/07\/Tarfaya-ruins-3-Imen-Jamil-_-Faten-Arfani-165x84.jpg 165w, \/\/aujourdhui.ma\/wp-content\/uploads\/2021\/07\/Tarfaya-ruins-3-Imen-Jamil-_-Faten-Arfani-702x358.jpg 702w\" sizes=\"auto, (max-width: 746px) 100vw, 746px\"><\/a><br \/>\nCe YLCCI, impl\u00e9ment\u00e9 par l\u2019association tunisienne \u00abL\u2019Art Rue\u00bb, est conduit par la conviction que la culture et la citoyennet\u00e9 vont main dans la main pour provoquer un changement durable. \u00abL\u2019action culturelle \u2013 dans son sens large \u2013 constitue l\u2019essence de notre association. Nous croyons vraiment dans le pouvoir des connections entre les hommes et de la sensibilisation cr\u00e9ative pour provoquer un d\u00e9veloppement socio-\u00e9conomique et un changement positif\u00bb, explique Camille Hoeltzel, charg\u00e9e de la surveillance et de la coop\u00e9ration de projets \u00e0 L\u2019Art Rue.<br \/>\nAu final, l\u2019association a s\u00e9lectionn\u00e9 32 projets provenant du bassin diversifi\u00e9 de l\u2019architecture, de la g\u00e9ographie, des productions audio-visuelles, de la mode durable ou des propositions d\u2019\u00e9criture cr\u00e9ative, qui mettent l\u2019accent sur la collaboration, la contextualisation et la durabilit\u00e9.<\/p>\n<p><a href=\"https:\/\/linitiative.ca\/International\/wp-content\/uploads\/sites\/23\/2021\/07\/Portrait-Mohsen-Bashir.jpg\"><img decoding=\"async\" loading=\"lazy\" class=\"alignnone size-full wp-image-381458\" src=\"https:\/\/linitiative.ca\/International\/wp-content\/uploads\/sites\/23\/2021\/07\/Portrait-Mohsen-Bashir.jpg\" alt=\"\" width=\"746\" height=\"380\" srcset=\"\/\/aujourdhui.ma\/wp-content\/uploads\/2021\/07\/Portrait-Mohsen-Bashir.jpg 746w, \/\/aujourdhui.ma\/wp-content\/uploads\/2021\/07\/Portrait-Mohsen-Bashir-300x153.jpg 300w, \/\/aujourdhui.ma\/wp-content\/uploads\/2021\/07\/Portrait-Mohsen-Bashir-274x140.jpg 274w, \/\/aujourdhui.ma\/wp-content\/uploads\/2021\/07\/Portrait-Mohsen-Bashir-165x84.jpg 165w, \/\/aujourdhui.ma\/wp-content\/uploads\/2021\/07\/Portrait-Mohsen-Bashir-702x358.jpg 702w\" sizes=\"auto, (max-width: 746px) 100vw, 746px\"><\/a><br \/>\n\u00abPlut\u00f4t que de nous limiter \u00e0 distribuer des subventions, notre objectif consiste \u00e0 soutenir r\u00e9ellement et \u00e0 renforcer les jeunes esprits cr\u00e9atifs de la r\u00e9gion en leur donnant le temps et les moyens pour faire na\u00eetre des projets durables et collaboratifs qui sont profond\u00e9ment enracin\u00e9s dans leur contexte et environnement\u00bb, explique Mme Hoeltzel. \u00c0 travers une approche unique en deux phases \u2013 une allocation de recherche qui s\u2019\u00e9tend d\u2019avril \u00e0 octobre 2021 et une phase de production qui d\u00e9bute en 2022 \u2013, YLCCI vise \u00e0 renforcer des jeunes venant des sept pays s\u00e9lectionn\u00e9s du monde arabe pour construire des projets cr\u00e9atifs de bout en bout. \u00abCes ressources leur donnent l\u2019opportunit\u00e9 \u2013 en passant par le temps qui leur est accord\u00e9, le support technique et la guidance, aussi bien que la subvention \u2013 de r\u00e9fl\u00e9chir, fa\u00e7onner et produire les projets qui pourront avoir le plus grand impact sur leur communaut\u00e9. C\u2019est pourquoi la phase de recherche est indispensable\u00bb, souligne Mme Hoeltzel. De quoi faire l\u2019int\u00e9r\u00eat du programme.<\/p>\n<\/div>\n<p>Auteur: Salima Guisser<br \/>\n<a href=\"https:\/\/aujourdhui.ma\/culture\/y-compris-des-marocains-32-jeunes-arabes-developpent-des-projets-creatifs-pour-leur-communaute\">Cliquez ici pour lire l&rsquo;article depuis sa source.<\/a><\/p>\n","protected":false},"excerpt":{"rendered":"<p>Un groupe de 32 jeunes cr\u00e9atifs, individus et entit\u00e9s provenant de sept pays arabes dont le Maroc viennent de cr\u00e9er des passerelles entre la culture, la citoyennet\u00e9 et les territoires locaux. Une initiative concr\u00e9tis\u00e9e de par le soutien de All-Around Culture, un programme r\u00e9gional, co-financ\u00e9 par l\u2019Union europ\u00e9enne, qui a comme l\u2019une des composantes la [&hellip;]<\/p>\n","protected":false},"author":1759,"featured_media":0,"comment_status":"closed","ping_status":"closed","sticky":false,"template":"","format":"standard","meta":{"fifu_image_url":"https:\/\/aujourdhui.ma\/wp-content\/uploads\/2021\/07\/Moyaed-Abu-Ammouna-film4-300x153.jpg","fifu_image_alt":"Y compris des Marocains : 32 jeunes arabes d\u00e9veloppent des projets cr\u00e9atifs  pour leur communaut\u00e9","footnotes":""},"categories":[73,54],"tags":[],"class_list":["post-121121","post","type-post","status-publish","format-standard","hentry","category-actualite","category-maroc"],"_links":{"self":[{"href":"https:\/\/linitiative.ca\/International\/wp-json\/wp\/v2\/posts\/121121","targetHints":{"allow":["GET"]}}],"collection":[{"href":"https:\/\/linitiative.ca\/International\/wp-json\/wp\/v2\/posts"}],"about":[{"href":"https:\/\/linitiative.ca\/International\/wp-json\/wp\/v2\/types\/post"}],"author":[{"embeddable":true,"href":"https:\/\/linitiative.ca\/International\/wp-json\/wp\/v2\/users\/1759"}],"replies":[{"embeddable":true,"href":"https:\/\/linitiative.ca\/International\/wp-json\/wp\/v2\/comments?post=121121"}],"version-history":[{"count":0,"href":"https:\/\/linitiative.ca\/International\/wp-json\/wp\/v2\/posts\/121121\/revisions"}],"wp:attachment":[{"href":"https:\/\/linitiative.ca\/International\/wp-json\/wp\/v2\/media?parent=121121"}],"wp:term":[{"taxonomy":"category","embeddable":true,"href":"https:\/\/linitiative.ca\/International\/wp-json\/wp\/v2\/categories?post=121121"},{"taxonomy":"post_tag","embeddable":true,"href":"https:\/\/linitiative.ca\/International\/wp-json\/wp\/v2\/tags?post=121121"}],"curies":[{"name":"wp","href":"https:\/\/api.w.org\/{rel}","templated":true}]}}