{"id":121125,"date":"2021-07-12T11:18:01","date_gmt":"2021-07-12T15:18:01","guid":{"rendered":"https:\/\/linitiative.ca\/International\/covid-19-maroc-la-situation-epidemiologique-au-12-juillet-2021-a-16h00\/"},"modified":"2021-07-12T11:18:01","modified_gmt":"2021-07-12T15:18:01","slug":"covid-19-maroc-la-situation-epidemiologique-au-12-juillet-2021-a-16h00","status":"publish","type":"post","link":"https:\/\/linitiative.ca\/International\/covid-19-maroc-la-situation-epidemiologique-au-12-juillet-2021-a-16h00\/","title":{"rendered":"Covid-19 \/ Maroc : La situation \u00e9pid\u00e9miologique au 12 juillet 2021 \u00e0 16H00"},"content":{"rendered":"<div>\n<p><img decoding=\"async\" width=\"300\" height=\"153\" src=\"https:\/\/linitiative.ca\/International\/wp-content\/uploads\/sites\/23\/2021\/07\/Coronavirus-Covid-19-Maroc-300x153-1.jpg\" class=\"attachment-medium size-medium wp-post-image\" alt=\"\" loading=\"lazy\" srcset=\"\/\/aujourdhui.ma\/wp-content\/uploads\/2020\/08\/Coronavirus-Covid-19-Maroc-300x153.jpg 300w, \/\/aujourdhui.ma\/wp-content\/uploads\/2020\/08\/Coronavirus-Covid-19-Maroc-274x140.jpg 274w, \/\/aujourdhui.ma\/wp-content\/uploads\/2020\/08\/Coronavirus-Covid-19-Maroc.jpg 746w, \/\/aujourdhui.ma\/wp-content\/uploads\/2020\/08\/Coronavirus-Covid-19-Maroc-165x84.jpg 165w, \/\/aujourdhui.ma\/wp-content\/uploads\/2020\/08\/Coronavirus-Covid-19-Maroc-702x358.jpg 702w\" sizes=\"auto, (max-width: 300px) 100vw, 300px\"><\/p>\n<p><span style=\"font-size: 20px; color: #800000;\"><strong>Entre hier \u00e0 16H00 et aujourd\u2019hui \u00e0 16H00<\/strong><\/span><span id=\"more-381475\"><\/span><\/p>\n<p>657 nouveaux cas soit un cumul de 543.119 cas \u00e0 ce jour.<br \/>\n460 gu\u00e9risons soit un cumul de 525.286 \u00e0 ce jour.<br \/>\n15\u00a0 nouveaux d\u00e9c\u00e8s donc un cumul de 9.384\u00a0 \u00e0 ce jour.<\/p>\n<p><span style=\"color: #ff0000;\"><strong>Nombre de personnes vaccin\u00e9es au 12\u00a0 Juillet 16H00<\/strong><\/span><\/p>\n<p>1\u00e8re dose<\/p>\n<h4 class=\"mb-0\"><span style=\"color: #ff0000;\">10.552.219<\/span><\/h4>\n<p>2\u00e8me dose<\/p>\n<p><span style=\"color: #ff0000;\"><strong>9.310.662<\/strong><\/span><\/p>\n<p><a href=\"https:\/\/linitiative.ca\/International\/wp-content\/uploads\/sites\/23\/2021\/07\/Coronavirus12042021_page-0001.jpg\"><img decoding=\"async\" loading=\"lazy\" class=\"aligncenter size-full wp-image-381480\" src=\"https:\/\/linitiative.ca\/International\/wp-content\/uploads\/sites\/23\/2021\/07\/Coronavirus12042021_page-0001.jpg\" alt=\"\" width=\"1241\" height=\"1754\" srcset=\"\/\/aujourdhui.ma\/wp-content\/uploads\/2021\/07\/Coronavirus12042021_page-0001.jpg 1241w, \/\/aujourdhui.ma\/wp-content\/uploads\/2021\/07\/Coronavirus12042021_page-0001-212x300.jpg 212w, \/\/aujourdhui.ma\/wp-content\/uploads\/2021\/07\/Coronavirus12042021_page-0001-725x1024.jpg 725w, \/\/aujourdhui.ma\/wp-content\/uploads\/2021\/07\/Coronavirus12042021_page-0001-768x1085.jpg 768w, \/\/aujourdhui.ma\/wp-content\/uploads\/2021\/07\/Coronavirus12042021_page-0001-1087x1536.jpg 1087w\" sizes=\"auto, (max-width: 1241px) 100vw, 1241px\"><\/a> <a href=\"https:\/\/linitiative.ca\/International\/wp-content\/uploads\/sites\/23\/2021\/07\/Coronavirus12042021_page-0002.jpg\"><img decoding=\"async\" loading=\"lazy\" class=\"aligncenter size-full wp-image-381481\" src=\"https:\/\/linitiative.ca\/International\/wp-content\/uploads\/sites\/23\/2021\/07\/Coronavirus12042021_page-0002.jpg\" alt=\"\" width=\"1241\" height=\"1754\" srcset=\"\/\/aujourdhui.ma\/wp-content\/uploads\/2021\/07\/Coronavirus12042021_page-0002.jpg 1241w, \/\/aujourdhui.ma\/wp-content\/uploads\/2021\/07\/Coronavirus12042021_page-0002-212x300.jpg 212w, \/\/aujourdhui.ma\/wp-content\/uploads\/2021\/07\/Coronavirus12042021_page-0002-725x1024.jpg 725w, \/\/aujourdhui.ma\/wp-content\/uploads\/2021\/07\/Coronavirus12042021_page-0002-768x1085.jpg 768w, \/\/aujourdhui.ma\/wp-content\/uploads\/2021\/07\/Coronavirus12042021_page-0002-1087x1536.jpg 1087w\" sizes=\"auto, (max-width: 1241px) 100vw, 1241px\"><\/a> <a href=\"https:\/\/linitiative.ca\/International\/wp-content\/uploads\/sites\/23\/2021\/07\/Coronavirus12042021_page-0003.jpg\"><img decoding=\"async\" loading=\"lazy\" class=\"aligncenter size-full wp-image-381482\" src=\"https:\/\/linitiative.ca\/International\/wp-content\/uploads\/sites\/23\/2021\/07\/Coronavirus12042021_page-0003.jpg\" alt=\"\" width=\"1241\" height=\"1754\" srcset=\"\/\/aujourdhui.ma\/wp-content\/uploads\/2021\/07\/Coronavirus12042021_page-0003.jpg 1241w, \/\/aujourdhui.ma\/wp-content\/uploads\/2021\/07\/Coronavirus12042021_page-0003-212x300.jpg 212w, \/\/aujourdhui.ma\/wp-content\/uploads\/2021\/07\/Coronavirus12042021_page-0003-725x1024.jpg 725w, \/\/aujourdhui.ma\/wp-content\/uploads\/2021\/07\/Coronavirus12042021_page-0003-768x1085.jpg 768w, \/\/aujourdhui.ma\/wp-content\/uploads\/2021\/07\/Coronavirus12042021_page-0003-1087x1536.jpg 1087w\" sizes=\"auto, (max-width: 1241px) 100vw, 1241px\"><\/a> <a href=\"https:\/\/linitiative.ca\/International\/wp-content\/uploads\/sites\/23\/2021\/07\/Coronavirus12042021_page-0004.jpg\"><img decoding=\"async\" loading=\"lazy\" class=\"aligncenter size-full wp-image-381483\" src=\"https:\/\/linitiative.ca\/International\/wp-content\/uploads\/sites\/23\/2021\/07\/Coronavirus12042021_page-0004.jpg\" alt=\"\" width=\"1241\" height=\"1754\" srcset=\"\/\/aujourdhui.ma\/wp-content\/uploads\/2021\/07\/Coronavirus12042021_page-0004.jpg 1241w, \/\/aujourdhui.ma\/wp-content\/uploads\/2021\/07\/Coronavirus12042021_page-0004-212x300.jpg 212w, \/\/aujourdhui.ma\/wp-content\/uploads\/2021\/07\/Coronavirus12042021_page-0004-725x1024.jpg 725w, \/\/aujourdhui.ma\/wp-content\/uploads\/2021\/07\/Coronavirus12042021_page-0004-768x1085.jpg 768w, \/\/aujourdhui.ma\/wp-content\/uploads\/2021\/07\/Coronavirus12042021_page-0004-1087x1536.jpg 1087w\" sizes=\"auto, (max-width: 1241px) 100vw, 1241px\"><\/a><\/p>\n<\/div>\n<p>Auteur: ALM<br \/>\n<a href=\"https:\/\/aujourdhui.ma\/societe\/covid-19-maroc-la-situation-epidemiologique-au-12-juillet-2021-a-16h00\">Cliquez ici pour lire l&rsquo;article depuis sa source.<\/a><\/p>\n","protected":false},"excerpt":{"rendered":"<p>Entre hier \u00e0 16H00 et aujourd\u2019hui \u00e0 16H00 657 nouveaux cas soit un cumul de 543.119 cas \u00e0 ce jour. 460 gu\u00e9risons soit un cumul de 525.286 \u00e0 ce jour. 15\u00a0 nouveaux d\u00e9c\u00e8s donc un cumul de 9.384\u00a0 \u00e0 ce jour. Nombre de personnes vaccin\u00e9es au 12\u00a0 Juillet 16H00 1\u00e8re dose 10.552.219 2\u00e8me dose 9.310.662 [&hellip;]<\/p>\n","protected":false},"author":1759,"featured_media":0,"comment_status":"closed","ping_status":"closed","sticky":false,"template":"","format":"standard","meta":{"fifu_image_url":"https:\/\/aujourdhui.ma\/wp-content\/uploads\/2020\/08\/Coronavirus-Covid-19-Maroc-300x153.jpg","fifu_image_alt":"Covid-19 \/ Maroc : La situation \u00e9pid\u00e9miologique au 12 juillet 2021 \u00e0 16H00","footnotes":""},"categories":[73,54],"tags":[],"class_list":["post-121125","post","type-post","status-publish","format-standard","hentry","category-actualite","category-maroc"],"_links":{"self":[{"href":"https:\/\/linitiative.ca\/International\/wp-json\/wp\/v2\/posts\/121125","targetHints":{"allow":["GET"]}}],"collection":[{"href":"https:\/\/linitiative.ca\/International\/wp-json\/wp\/v2\/posts"}],"about":[{"href":"https:\/\/linitiative.ca\/International\/wp-json\/wp\/v2\/types\/post"}],"author":[{"embeddable":true,"href":"https:\/\/linitiative.ca\/International\/wp-json\/wp\/v2\/users\/1759"}],"replies":[{"embeddable":true,"href":"https:\/\/linitiative.ca\/International\/wp-json\/wp\/v2\/comments?post=121125"}],"version-history":[{"count":0,"href":"https:\/\/linitiative.ca\/International\/wp-json\/wp\/v2\/posts\/121125\/revisions"}],"wp:attachment":[{"href":"https:\/\/linitiative.ca\/International\/wp-json\/wp\/v2\/media?parent=121125"}],"wp:term":[{"taxonomy":"category","embeddable":true,"href":"https:\/\/linitiative.ca\/International\/wp-json\/wp\/v2\/categories?post=121125"},{"taxonomy":"post_tag","embeddable":true,"href":"https:\/\/linitiative.ca\/International\/wp-json\/wp\/v2\/tags?post=121125"}],"curies":[{"name":"wp","href":"https:\/\/api.w.org\/{rel}","templated":true}]}}