{"id":121131,"date":"2021-07-12T11:30:30","date_gmt":"2021-07-12T15:30:30","guid":{"rendered":"https:\/\/linitiative.ca\/International\/ladaptation-du-roman-lalchimiste-sera-tournee-en-septembre-le-tournage-des-films-etrangers-reprend-au-maroc\/"},"modified":"2021-07-12T11:30:30","modified_gmt":"2021-07-12T15:30:30","slug":"ladaptation-du-roman-lalchimiste-sera-tournee-en-septembre-le-tournage-des-films-etrangers-reprend-au-maroc","status":"publish","type":"post","link":"https:\/\/linitiative.ca\/International\/ladaptation-du-roman-lalchimiste-sera-tournee-en-septembre-le-tournage-des-films-etrangers-reprend-au-maroc\/","title":{"rendered":"L\u2019adaptation du roman \u00abL\u2019alchimiste\u00bb sera tourn\u00e9e  en septembre : Le tournage des films \u00e9trangers reprend au Maroc"},"content":{"rendered":"<div>\n<p><img decoding=\"async\" width=\"300\" height=\"153\" src=\"https:\/\/linitiative.ca\/International\/wp-content\/uploads\/sites\/23\/2021\/07\/Ladaptation-du-roman-Lalchimiste-sera-tournee-en-septembre-300x153-1.jpg\" class=\"attachment-medium size-medium wp-post-image\" alt=\"\" loading=\"lazy\" srcset=\"\/\/aujourdhui.ma\/wp-content\/uploads\/2021\/07\/Ladaptation-du-roman-Lalchimiste-sera-tournee-en-septembre-300x153.jpg 300w, \/\/aujourdhui.ma\/wp-content\/uploads\/2021\/07\/Ladaptation-du-roman-Lalchimiste-sera-tournee-en-septembre-274x140.jpg 274w, \/\/aujourdhui.ma\/wp-content\/uploads\/2021\/07\/Ladaptation-du-roman-Lalchimiste-sera-tournee-en-septembre.jpg 746w, \/\/aujourdhui.ma\/wp-content\/uploads\/2021\/07\/Ladaptation-du-roman-Lalchimiste-sera-tournee-en-septembre-165x84.jpg 165w, \/\/aujourdhui.ma\/wp-content\/uploads\/2021\/07\/Ladaptation-du-roman-Lalchimiste-sera-tournee-en-septembre-702x358.jpg 702w\" sizes=\"auto, (max-width: 300px) 100vw, 300px\"><\/p>\n<p><span style=\"color: #800000;\"><strong>Bonne nouvelle ! Le Maroc accueillera en septembre prochain le tournage de l\u2019adaptation du c\u00e9l\u00e8bre roman \u00abL\u2019alchimiste\u00bb de l\u2019\u00e9crivain br\u00e9silien Paolo Coelho, a annonc\u00e9 le m\u00e9dia sp\u00e9cialis\u00e9 Deadline.<\/strong><\/span><span id=\"more-381460\"><\/span><\/p>\n<p>D\u2019apr\u00e8s la m\u00eame source, cette grosse production r\u00e9alis\u00e9e par l\u2019Am\u00e9ricain Kevin Frakes sera pr\u00eate pour une sortie fin 2022. Elle r\u00e9unira en effet de grandes stars internationales, en l\u2019occurrence le com\u00e9dien britannico-portugais Sebastian de Souza dans le r\u00f4le de Santiago, h\u00e9ros du roman, Tom Hollander, Jordi Molla, Shohreh Aghdashloo, ainsi que l\u2019acteur am\u00e9ricano-marocain Youssef Kerkour et l\u2019Isra\u00e9lien Ashraf Barhom. Co\u00e9crit par le r\u00e9alisateur et Ryan Kreston, \u00abL\u2019alchimiste\u00bb raconte l\u2019histoire d\u2019un jeune berger andalou qui part \u00e0 la recherche d\u2019un tr\u00e9sor enfoui au pied des pyramides. Lorsqu\u2019il rencontre l\u2019Alchimiste dans le d\u00e9sert, celui-ci lui apprend \u00e0 \u00e9couter son c\u0153ur, \u00e0 lire les signes du destin et, par-dessus tout, \u00e0 \u00aballer au bout de son r\u00eave\u00bb. \u00abLes acteurs et l\u2019\u00e9quipe du film repr\u00e9sentent l\u2019authenticit\u00e9 du cadre de l\u2019histoire en Espagne et en Afrique du Nord, ainsi que la diversit\u00e9 d\u2019une production mondiale et diversifi\u00e9e\u00bb, indique la m\u00eame source. Il faut noter qu\u2019un contrat d\u2019un montant de 200 millions DH a \u00e9t\u00e9 conclu en d\u00e9cembre dernier entre les producteurs et le Centre cin\u00e9matographique marocain (CCM) pour le tournage de ce film.<\/p>\n<p>Dans le d\u00e9tail, le tournage s\u2019effectuera notamment dans les r\u00e9gions de Marrakech, Essaouira, Erfoud et F\u00e8s. Will Smith et Jon Mone produiront le film pour Westbrook Studios, Frakes et Raj Singh pour PalmStar, Gil Netter pour Netter Films tandis que Zakaria Alaoui est le producteur local. Pour rappel, le c\u00e9l\u00e8bre roman de Paolo Coelho est paru en 1988 et a \u00e9t\u00e9 vendu \u00e0 plus de 150 millions d\u2019exemplaires \u00e0 travers le monde. Il est traduit en 56 langues dans 150 pays.<\/p>\n<\/div>\n<p>Auteur: Siham Jadraoui<br \/>\n<a href=\"https:\/\/aujourdhui.ma\/culture\/ladaptation-du-roman-lalchimiste-sera-tournee-en-septembre-le-tournage-des-films-etrangers-reprend-au-maroc\">Cliquez ici pour lire l&rsquo;article depuis sa source.<\/a><\/p>\n","protected":false},"excerpt":{"rendered":"<p>Bonne nouvelle ! Le Maroc accueillera en septembre prochain le tournage de l\u2019adaptation du c\u00e9l\u00e8bre roman \u00abL\u2019alchimiste\u00bb de l\u2019\u00e9crivain br\u00e9silien Paolo Coelho, a annonc\u00e9 le m\u00e9dia sp\u00e9cialis\u00e9 Deadline. D\u2019apr\u00e8s la m\u00eame source, cette grosse production r\u00e9alis\u00e9e par l\u2019Am\u00e9ricain Kevin Frakes sera pr\u00eate pour une sortie fin 2022. Elle r\u00e9unira en effet de grandes stars internationales, [&hellip;]<\/p>\n","protected":false},"author":1759,"featured_media":0,"comment_status":"closed","ping_status":"closed","sticky":false,"template":"","format":"standard","meta":{"fifu_image_url":"https:\/\/aujourdhui.ma\/wp-content\/uploads\/2021\/07\/Ladaptation-du-roman-Lalchimiste-sera-tournee-en-septembre-300x153.jpg","fifu_image_alt":"L\u2019adaptation du roman \u00abL\u2019alchimiste\u00bb sera tourn\u00e9e  en septembre : Le tournage des films \u00e9trangers reprend au Maroc","footnotes":""},"categories":[73,54],"tags":[],"class_list":["post-121131","post","type-post","status-publish","format-standard","hentry","category-actualite","category-maroc"],"_links":{"self":[{"href":"https:\/\/linitiative.ca\/International\/wp-json\/wp\/v2\/posts\/121131","targetHints":{"allow":["GET"]}}],"collection":[{"href":"https:\/\/linitiative.ca\/International\/wp-json\/wp\/v2\/posts"}],"about":[{"href":"https:\/\/linitiative.ca\/International\/wp-json\/wp\/v2\/types\/post"}],"author":[{"embeddable":true,"href":"https:\/\/linitiative.ca\/International\/wp-json\/wp\/v2\/users\/1759"}],"replies":[{"embeddable":true,"href":"https:\/\/linitiative.ca\/International\/wp-json\/wp\/v2\/comments?post=121131"}],"version-history":[{"count":0,"href":"https:\/\/linitiative.ca\/International\/wp-json\/wp\/v2\/posts\/121131\/revisions"}],"wp:attachment":[{"href":"https:\/\/linitiative.ca\/International\/wp-json\/wp\/v2\/media?parent=121131"}],"wp:term":[{"taxonomy":"category","embeddable":true,"href":"https:\/\/linitiative.ca\/International\/wp-json\/wp\/v2\/categories?post=121131"},{"taxonomy":"post_tag","embeddable":true,"href":"https:\/\/linitiative.ca\/International\/wp-json\/wp\/v2\/tags?post=121131"}],"curies":[{"name":"wp","href":"https:\/\/api.w.org\/{rel}","templated":true}]}}