{"id":121135,"date":"2021-07-11T14:00:00","date_gmt":"2021-07-11T18:00:00","guid":{"rendered":"https:\/\/linitiative.ca\/International\/mission-reussie-pour-les-aigles-verts\/"},"modified":"2021-07-11T14:00:00","modified_gmt":"2021-07-11T18:00:00","slug":"mission-reussie-pour-les-aigles-verts","status":"publish","type":"post","link":"https:\/\/linitiative.ca\/International\/mission-reussie-pour-les-aigles-verts\/","title":{"rendered":"Mission r\u00e9ussie pour les Aigles Verts"},"content":{"rendered":"<div>\n<p class=\"has-text-align-center has-vivid-red-color has-text-color\"><strong>Coupe de la CAF<\/strong><\/p>\n<p class=\"has-light-green-cyan-background-color has-background\"><strong>Le 10 juillet 2021 restera une date grav\u00e9e en lettre d\u2019or dans les annales du football marocain en g\u00e9n\u00e9ral, et du Raja de Casablanca, en particulier, puisque les Aigles Verts ont r\u00e9ussi en cette date m\u00e9morable \u00e0 d\u00e9crocher, au bout d\u2019un match h\u00e9ro\u00efque, le troph\u00e9e tr\u00e8s convoit\u00e9 de la Coupe de la Conf\u00e9d\u00e9ration africaine de football (CAF), au d\u00e9triment d\u2019un adversaire pas moins redoutable, la Jeunesse Sportive de Kabylie en l\u2019occurrence.<\/strong><\/p>\n<p>Par cette victoire amplement m\u00e9rit\u00e9e (2-1), sign\u00e9e samedi soir au stade de l\u2019Amiti\u00e9, au coeur de la capitale \u00e9conomique b\u00e9ninoise Cotonou, les Verts \u00e9toffent leur palmar\u00e8s d\u2019une 3\u00e8 couronne en Coupe de la CAF.<\/p>\n<p>Au passage, par ce succ\u00e8s, le Raja, 12 fois champion du Maroc, huit fois vainqueur de la Coupe du Tr\u00f4ne et triple vainqueur de la Ligue des Champions, fait aussi oublier une saison peu reluisante sur le plan national, apr\u00e8s avoir \u00e9t\u00e9 \u00e9limin\u00e9 en Coupe du Tr\u00f4ne et pratiquement perdu tout espoir de remporter la Botola Pro D1.<\/p>\n<p>Ce sacre, qui refl\u00e8te la bonne sant\u00e9 du football marocain, tant au niveau des clubs que des s\u00e9lections, traduit \u00e9galement l\u2019h\u00e9g\u00e9monie des clubs marocains sur cette comp\u00e9tition, qu\u2019ils ont remport\u00e9e, dans sa nouvelle version, \u00e0 6 reprises, contre 5 pour les clubs tunisiens.<\/p>\n<p>Le Raja est ainsi le club marocain le plus titr\u00e9 en coupe de la CAF avec trois troph\u00e9es, suivi de l\u2019AS FAR, du FUS Rabat, du Maghreb de F\u00e8s, de la Renaissance de Berkane et du Kawkab Marrakech (KACM), avec un troph\u00e9e chacun.<\/p>\n<p>Dans son ancienne formule, le KACM s\u2019\u00e9tait impos\u00e9 en 1996 en finale devant l\u2019Etoile du Sahel (Tunisie), alors que les Verts ont remport\u00e9 leur premier troph\u00e9e en 2003 face au Coton Sport du Cameroun.<\/p>\n<p>L\u2019AS FAR, alors sous la houlette de M\u2019hamed Fakhir, a \u00e9t\u00e9 sacr\u00e9 champion de la comp\u00e9tition, dans sa nouvelle formule, en 2005 apr\u00e8s sa victoire en finale devant les Nig\u00e9rians de Dolphin FC (aller 0-1, retour \u00e0 Rabat 3-0). Cinq ans plus tard, c\u2019\u00e9tait au tour du FUS Rabat d\u2019inscrire son nom parmi les vainqueurs de cette comp\u00e9tition.<\/p>\n<p>Emmen\u00e9s par Houcine Ammouta, les Fussistes ont battu en finale les Tunisiens du Club sfaxien (aller \u00e0 Rabat 0-0, retour \u00e0 Tunis 2-3).<\/p>\n<p>L\u2019ann\u00e9e suivante (2011), le Maghreb de F\u00e8s de Rachid Taoussi a pris le meilleur en finale sur l\u2019autre club tunisien du Club Africain apr\u00e8s recours aux tirs au but (aller \u00e0 Tunis : 0-1, retour \u00e0 F\u00e8s: 1-0). Une s\u00e9ance qui a vu l\u2019actuel gardien du Raja, Anas Zniti, briller de mille feux et offrir la victoire aux siens.<\/p>\n<p>En 2018, le Raja a renou\u00e9 avec le troph\u00e9e en battant, cette fois-ci, les RD Congolais de Vita Club (victoire \u00e0 l\u2019aller \u00e0 Casablanca 3-0, d\u00e9faite au match retour 1-3).<\/p>\n<p>La Renaissance de Berkane, sous la conduite de Tarik Sektioui, avait \u00e9t\u00e9 sacr\u00e9e championne en 2020, apr\u00e8s sa victoire en finale devant les Egyptiens de FC Pyramids (1-0 \u00e0 Rabat).<\/p>\n<p>Le Raja de Casablanca, qui doit encore disputer en ao\u00fbt prochain la finale de la prestigieuse Coupe Mohammed VI des clubs arabes champions, contre le club saoudien l\u2019Ittihad de Jeddah, attend le verdict de la finale de la Ligue des champions, devant opposer Al Ahly d\u2019Egypte et Kaizer Chiefs d\u2019Afrique du Sud, pour conna\u00eetre son adversaire en Supercoupe d\u2019Afrique.<\/p>\n<p>L\u2019article <a rel=\"nofollow\" href=\"http:\/\/albayane.press.ma\/mission-reussie-pour-les-aigles-verts.html\">Mission r\u00e9ussie pour les Aigles Verts<\/a> est apparu en premier sur <a rel=\"nofollow\" href=\"http:\/\/albayane.press.ma\/\">ALBAYANE<\/a>.<\/p>\n<\/div>\n<p>Auteur: M&rsquo;hammed rahal<br \/>\n<a href=\"http:\/\/albayane.press.ma\/mission-reussie-pour-les-aigles-verts.html\">Cliquez ici pour lire l&rsquo;article depuis sa source.<\/a><\/p>\n","protected":false},"excerpt":{"rendered":"<p>Coupe de la CAF Le 10 juillet 2021 restera une date grav\u00e9e en lettre d\u2019or dans les annales du football marocain en g\u00e9n\u00e9ral, et du Raja de Casablanca, en particulier, puisque les Aigles Verts ont r\u00e9ussi en cette date m\u00e9morable \u00e0 d\u00e9crocher, au bout d\u2019un match h\u00e9ro\u00efque, le troph\u00e9e tr\u00e8s convoit\u00e9 de la Coupe de [&hellip;]<\/p>\n","protected":false},"author":1760,"featured_media":0,"comment_status":"closed","ping_status":"closed","sticky":false,"template":"","format":"standard","meta":{"fifu_image_url":"","fifu_image_alt":"","footnotes":""},"categories":[73,54],"tags":[],"class_list":["post-121135","post","type-post","status-publish","format-standard","hentry","category-actualite","category-maroc"],"_links":{"self":[{"href":"https:\/\/linitiative.ca\/International\/wp-json\/wp\/v2\/posts\/121135","targetHints":{"allow":["GET"]}}],"collection":[{"href":"https:\/\/linitiative.ca\/International\/wp-json\/wp\/v2\/posts"}],"about":[{"href":"https:\/\/linitiative.ca\/International\/wp-json\/wp\/v2\/types\/post"}],"author":[{"embeddable":true,"href":"https:\/\/linitiative.ca\/International\/wp-json\/wp\/v2\/users\/1760"}],"replies":[{"embeddable":true,"href":"https:\/\/linitiative.ca\/International\/wp-json\/wp\/v2\/comments?post=121135"}],"version-history":[{"count":0,"href":"https:\/\/linitiative.ca\/International\/wp-json\/wp\/v2\/posts\/121135\/revisions"}],"wp:attachment":[{"href":"https:\/\/linitiative.ca\/International\/wp-json\/wp\/v2\/media?parent=121135"}],"wp:term":[{"taxonomy":"category","embeddable":true,"href":"https:\/\/linitiative.ca\/International\/wp-json\/wp\/v2\/categories?post=121135"},{"taxonomy":"post_tag","embeddable":true,"href":"https:\/\/linitiative.ca\/International\/wp-json\/wp\/v2\/tags?post=121135"}],"curies":[{"name":"wp","href":"https:\/\/api.w.org\/{rel}","templated":true}]}}