{"id":121136,"date":"2021-07-11T14:00:00","date_gmt":"2021-07-11T18:00:00","guid":{"rendered":"https:\/\/linitiative.ca\/International\/chami-plaide-pour-une-strategie-integree\/"},"modified":"2021-07-11T14:00:00","modified_gmt":"2021-07-11T18:00:00","slug":"chami-plaide-pour-une-strategie-integree","status":"publish","type":"post","link":"https:\/\/linitiative.ca\/International\/chami-plaide-pour-une-strategie-integree\/","title":{"rendered":"Chami plaide pour une strat\u00e9gie int\u00e9gr\u00e9e"},"content":{"rendered":"<div>\n<p class=\"has-text-align-center has-vivid-red-color has-text-color\"><strong>Implication des jeunes dans la vie sociale, \u00e9conomique et politique<\/strong><\/p>\n<p class=\"has-text-color\" style=\"color:#064ae5\"><strong>Le pr\u00e9sident du Conseil \u00e9conomique, social et environnemental (CESE), Ahmed R\u00e9da Chami, a soulign\u00e9, vendredi \u00e0 Sal\u00e9, l\u2019urgente n\u00e9cessit\u00e9 d\u2019\u00e9laborer et de mettre en \u0153uvre une strat\u00e9gie int\u00e9gr\u00e9e visant \u00e0 impliquer pleinement la jeunesse dans la vie \u00e9conomique, sociale et politique.<\/strong><\/p>\n<p>\u00abAssurer une coh\u00e9rence de l\u2019action en faveur de la jeunesse est aujourd\u2019hui devenue une n\u00e9cessit\u00e9 urgente, et requiert l\u2019impl\u00e9mentation d\u2019un mod\u00e8le de gouvernance efficient pour lib\u00e9rer les \u00e9nergies latentes des jeunes\u00bb, a-t-il indiqu\u00e9 dans une allocution \u00e0 l\u2019occasion d\u2019une table ronde organis\u00e9e par la Fondation Fkih Tetouani en partenariat avec le CESE et consacr\u00e9e \u00e0 la pr\u00e9sentation du rapport du Conseil relatif \u00e0 \u00abune nouvelle initiative nationale int\u00e9gr\u00e9e pour la jeunesse marocaine\u00bb.<\/p>\n<p>Il a \u00e9galement soulign\u00e9 l\u2019importance d\u2019impliquer les jeunes dans la mise en \u0153uvre de la strat\u00e9gie int\u00e9gr\u00e9e qui leur est d\u00e9di\u00e9e, afin que leurs attentes et pr\u00e9occupations r\u00e9elles soient prises en compte et que les services publics adapt\u00e9s \u00e0 leurs besoins sp\u00e9cifiques leurs soient accessibles.<\/p>\n<p>Chami a \u00e9galement soulign\u00e9 la n\u00e9cessit\u00e9 d\u2019une union des forces et de l\u2019adh\u00e9sion de tous les acteurs dont les jeunes dans la dynamique propos\u00e9e par le CESE pour r\u00e9pondre aux aspirations \u00e9conomiques et sociales de cette cat\u00e9gorie, en vue de r\u00e9aliser un d\u00e9veloppement multidimensionnel et \u00e9quitable, ainsi qu\u2019une prosp\u00e9rit\u00e9 commune, ajoutant que l\u2019\u00e9laboration d\u2019une initiative en faveur de la jeunesse n\u2019est pas seulement un investissement dans l\u2019avenir, mais il s\u2019agit d\u2019une n\u00e9cessit\u00e9 pour la r\u00e9alisation du bien-\u00eatre des g\u00e9n\u00e9rations actuelles.<\/p>\n<p>Il a en outre relev\u00e9 que depuis sa cr\u00e9ation, le CESE attache une grande importance \u00e0 la jeunesse en lui consacrant plus de 10 rapports dans lesquels il a abord\u00e9 les questions et probl\u00e8mes les plus importants qui pr\u00e9occupe cette cat\u00e9gorie sociale, tout en proposant des recommandations en vue de trouver des solutions.<\/p>\n<p>S\u2019agissant de la place des jeunes dans le nouveau mod\u00e8le de d\u00e9veloppement, M. Chami, en sa qualit\u00e9 de membre de la Commission sp\u00e9ciale sur le mod\u00e8le de d\u00e9veloppement, a soulign\u00e9 qu\u2019une vision globale a \u00e9t\u00e9 pr\u00e9sent\u00e9e sur cette cat\u00e9gorie sociale tout en mettant l\u2019accent sur le ciblage des jeunes par le mod\u00e8le de d\u00e9veloppement \u00e0 travers l\u2019adoption d\u2019une politique publique int\u00e9gr\u00e9e dans divers domaines \u00e0 m\u00eame de r\u00e9pondre \u00e0 leurs besoins en termes de cr\u00e9ation de richesses et d\u2019emplois, et d\u2019assurer l\u2019\u00e9galit\u00e9 des chances et l\u2019\u00e9quit\u00e9 dans le d\u00e9veloppement des territoires.<\/p>\n<p>Et d\u2019ajouter que la r\u00e9alisation des objectifs fix\u00e9s par le nouveau mod\u00e8le de d\u00e9veloppement d\u00e9pend du degr\u00e9 d\u2019implication et de participation des jeunes dans la formulation et l\u2019activation des politiques et programmes d\u00e9clin\u00e9s par le mod\u00e8le, soulignant dans ce contexte que le Conseil, en tant qu\u2019institution d\u00e9mocratique participative pour penser et proposer des politiques de d\u00e9veloppement se penche actuellement sur un m\u00e9canisme qui fera des jeunes \u00abun partenaire permanent dans la pr\u00e9paration des diff\u00e9rents rapports et avis en formulant des suggestions et en apportant des id\u00e9es dans le cadre d\u2019une participation active et citoyenne\u00bb.<\/p>\n<p>De son c\u00f4t\u00e9, le pr\u00e9sident de la Fondation Fkih Tetouani, Boubker T\u00e9touani, a indiqu\u00e9 que cette rencontre, qui a \u00e9t\u00e9 marqu\u00e9e par la participation de chercheurs, professeurs, jeunes et de repr\u00e9sentants de la soci\u00e9t\u00e9 civile, s\u2019inscrit dans le cadre de l\u2019activation de la terme de l\u2019accord entre la Fondation et le CESE.<\/p>\n<p>De m\u00eame, il a mis en avant l\u2019importance de cette rencontre au regard de la port\u00e9e du rapport du Conseil sur les politiques int\u00e9gr\u00e9es de jeunesse notamment en mati\u00e8re d\u2019acc\u00e8s aux services de base, \u00e0 l\u2019employabilit\u00e9 et \u00e0 l\u2019inclusion \u00e9conomique.<\/p>\n<p>Cette rencontre a \u00e9galement \u00e9t\u00e9 l\u2019occasion d\u2019\u00e9changer sur les diff\u00e9rentes approches pr\u00e9sent\u00e9es par le CESE en mati\u00e8re de politiques publiques li\u00e9es \u00e0 la jeunesse, y compris les exp\u00e9riences internationales leaders et r\u00e9ussies dans ce domaine, ainsi que les recommandations visant \u00e0 \u00e9tablir une gouvernance claire et responsable au service de la jeunesse.<\/p>\n<p>L\u2019article <a rel=\"nofollow\" href=\"http:\/\/albayane.press.ma\/chami-plaide-pour-une-strategie-integree.html\">Chami plaide pour une strat\u00e9gie int\u00e9gr\u00e9e<\/a> est apparu en premier sur <a rel=\"nofollow\" href=\"http:\/\/albayane.press.ma\/\">ALBAYANE<\/a>.<\/p>\n<\/div>\n<p>Auteur: M&rsquo;hammed rahal<br \/>\n<a href=\"http:\/\/albayane.press.ma\/chami-plaide-pour-une-strategie-integree.html\">Cliquez ici pour lire l&rsquo;article depuis sa source.<\/a><\/p>\n","protected":false},"excerpt":{"rendered":"<p>Implication des jeunes dans la vie sociale, \u00e9conomique et politique Le pr\u00e9sident du Conseil \u00e9conomique, social et environnemental (CESE), Ahmed R\u00e9da Chami, a soulign\u00e9, vendredi \u00e0 Sal\u00e9, l\u2019urgente n\u00e9cessit\u00e9 d\u2019\u00e9laborer et de mettre en \u0153uvre une strat\u00e9gie int\u00e9gr\u00e9e visant \u00e0 impliquer pleinement la jeunesse dans la vie \u00e9conomique, sociale et politique. \u00abAssurer une coh\u00e9rence de [&hellip;]<\/p>\n","protected":false},"author":1760,"featured_media":0,"comment_status":"closed","ping_status":"closed","sticky":false,"template":"","format":"standard","meta":{"fifu_image_url":"","fifu_image_alt":"","footnotes":""},"categories":[73,54],"tags":[],"class_list":["post-121136","post","type-post","status-publish","format-standard","hentry","category-actualite","category-maroc"],"_links":{"self":[{"href":"https:\/\/linitiative.ca\/International\/wp-json\/wp\/v2\/posts\/121136","targetHints":{"allow":["GET"]}}],"collection":[{"href":"https:\/\/linitiative.ca\/International\/wp-json\/wp\/v2\/posts"}],"about":[{"href":"https:\/\/linitiative.ca\/International\/wp-json\/wp\/v2\/types\/post"}],"author":[{"embeddable":true,"href":"https:\/\/linitiative.ca\/International\/wp-json\/wp\/v2\/users\/1760"}],"replies":[{"embeddable":true,"href":"https:\/\/linitiative.ca\/International\/wp-json\/wp\/v2\/comments?post=121136"}],"version-history":[{"count":0,"href":"https:\/\/linitiative.ca\/International\/wp-json\/wp\/v2\/posts\/121136\/revisions"}],"wp:attachment":[{"href":"https:\/\/linitiative.ca\/International\/wp-json\/wp\/v2\/media?parent=121136"}],"wp:term":[{"taxonomy":"category","embeddable":true,"href":"https:\/\/linitiative.ca\/International\/wp-json\/wp\/v2\/categories?post=121136"},{"taxonomy":"post_tag","embeddable":true,"href":"https:\/\/linitiative.ca\/International\/wp-json\/wp\/v2\/tags?post=121136"}],"curies":[{"name":"wp","href":"https:\/\/api.w.org\/{rel}","templated":true}]}}