{"id":121137,"date":"2021-07-11T14:00:00","date_gmt":"2021-07-11T18:00:00","guid":{"rendered":"https:\/\/linitiative.ca\/International\/pedro-sanchez-remanie-le-gouvernement-espagnol\/"},"modified":"2021-07-11T14:00:00","modified_gmt":"2021-07-11T18:00:00","slug":"pedro-sanchez-remanie-le-gouvernement-espagnol","status":"publish","type":"post","link":"https:\/\/linitiative.ca\/International\/pedro-sanchez-remanie-le-gouvernement-espagnol\/","title":{"rendered":"Pedro S\u00e1nchez remanie le gouvernement espagnol"},"content":{"rendered":"<div>\n<p class=\"has-text-align-center has-vivid-red-color has-text-color\"><strong>Plus jeune et plus f\u00e9minin<\/strong><\/p>\n<p class=\"has-vivid-cyan-blue-color has-text-color\"><strong>Plus jeune et plus f\u00e9minin: le Premier ministre socialiste espagnol Pedro S\u00e1nchez a d\u00e9voil\u00e9 samedi la composition de son nouveau gouvernement, qui, \u00abune fois le plus dur de la pand\u00e9mie surmont\u00e9\u00bb, devra oeuvrer \u00ab\u00e0 la reprise \u00e9conomique et \u00e0 la cr\u00e9ation d\u2019emplois\u00bb.<\/strong><\/p>\n<p>Ce remaniement, qui \u00e9tait dans l\u2019air depuis quelques semaines, intervient alors que le gouvernement de gauche, minoritaire au Parlement, a \u00e9t\u00e9 tr\u00e8s affaibli ces derniers mois par divers revers ou controverses et que l\u2019opposition de droite, que les sondages donnent en hausse, r\u00e9clame des \u00e9lections anticip\u00e9es.<\/p>\n<p>\u00abAujourd\u2019hui commence le gouvernement de la reprise\u00bb, a lanc\u00e9 M. S\u00e1nchez lors d\u2019une br\u00e8ve allocution depuis le palais de la Moncloa, si\u00e8ge du gouvernement, soulignant qu\u2019\u00e0 30 mois des prochaines \u00e9lections, l\u2019une des priorit\u00e9s de la nouvelle \u00e9quipe sera de \u00abg\u00e9rer cette \u00e9norme opportunit\u00e9 que repr\u00e9sentent les fonds europ\u00e9ens\u00bb pour la relance d\u2019une \u00e9conomie d\u00e9vast\u00e9e par le Covid. L\u2019Espagne est le deuxi\u00e8me b\u00e9n\u00e9ficiaire de ces fonds, apr\u00e8s l\u2019Italie.<\/p>\n<p>Le remaniement n\u2019affecte pas l\u2019alliance entre le Parti socialiste ouvrier espagnol (PSOE) de M. S\u00e1nchez et le petit parti de gauche radicale Podemos, qui conserve ses cinq portefeuilles, les changements concernant uniquement certains des 17 portefeuilles d\u00e9tenus par des membres du PSOE ou des personnalit\u00e9s qui en sont proches.<\/p>\n<p>Il s\u2019agit, selon Pedro S\u00e1nchez, d\u2019un \u00abrenouvellement g\u00e9n\u00e9rationnel\u00bb, avec une moyenne d\u2019\u00e2ge de 50 ans (contre 55 auparavant), et surtout d\u2019un renforcement suppl\u00e9mentaire de la pr\u00e9sence des femmes (63% des ministres, contre 54% pr\u00e9c\u00e9demment).<\/p>\n<p>Les quatre vice-pr\u00e9sidentes du gouvernement de l\u2019ancienne \u00e9quipe ne sont plus d\u00e9sormais que trois, Carmen Calvo, jusqu\u2019alors la premi\u00e8re d\u2019entre elles, quittant son poste.<\/p>\n<p>Nadia Calvi\u00f1o, ministre de l\u2019Economie, la remplace comme premi\u00e8re vice-pr\u00e9sidente, suivie de Yolanda D\u00edaz, dirigeante de Podemos et ministre du Travail, et de Teresa Ribera, la ministre de l\u2019Environnement.<\/p>\n<p>La reprise, a d\u00e9clar\u00e9 M. S\u00e1nchez en \u00e9num\u00e9rant les trois principaux axes de sa politique, \u00abdoit \u00eatre digitale (\u2026), doit \u00eatre verte (\u2026) et doit \u00e9galement \u00eatre f\u00e9ministe\u00bb.<\/p>\n<p>Plusieurs personnalit\u00e9s relativement peu connues int\u00e8grent ce nouveau gouvernement. Arancha Gonz\u00e1lez Laya est ainsi remplac\u00e9e aux Affaires \u00e9trang\u00e8res par un diplomate de carri\u00e8re qui n\u2019a pas 50 ans, l\u2019actuel ambassadeur d\u2019Espagne en France, Jos\u00e9 Manuel Albares.<\/p>\n<p>\u00abLe probl\u00e8me de l\u2019Espagne, c\u2019est S\u00e1nchez, et c\u2019est lui qui doit partir\u00bb, a tweet\u00e9 en r\u00e9action Pablo Casado, le leader du Parti populaire (conservateur), d\u00e9non\u00e7ant \u00ab17 ministres purg\u00e9s en deux ans et cinq crises de gouvernement\u00bb.<\/p>\n<p>Pedro S\u00e1nchez traverse depuis plusieurs mois une phase tr\u00e8s difficile.<\/p>\n<p>Il y a trois mois, il avait essuy\u00e9 un terrible camouflet lors des \u00e9lections r\u00e9gionales de Madrid, bastion historique de la droite, o\u00f9 le PSOE et Podemos avaient subi une d\u00e9route face au PP, qui avait fait du scrutin un r\u00e9f\u00e9rendum sur la politique gouvernementale, notamment en mati\u00e8re de lutte contre la pand\u00e9mie.<\/p>\n<p>Plus r\u00e9cemment, la r\u00e9cente d\u00e9cision du gouvernement, fin juin, de gracier les responsables ind\u00e9pendantistes catalans emprisonn\u00e9s \u00e0 la suite de la tentative de s\u00e9cession manqu\u00e9e de la Catalogne en 2017 a suscit\u00e9 la d\u00e9sapprobation d\u2019une grande partie de l\u2019opinion publique, selon plusieurs sondages, et fourni des munitions \u00e0 l\u2019opposition de droite.<\/p>\n<p>A tel point que certaines enqu\u00eates d\u2019opinion placent d\u00e9sormais le PP devant ou \u00e0 \u00e9galit\u00e9 avec le PSOE en cas d\u2019\u00e9lections l\u00e9gislatives anticip\u00e9es.<\/p>\n<p>M. S\u00e1nchez avait d\u00fb proc\u00e9der fin mars \u00e0 un mini-remaniement impos\u00e9 par la d\u00e9mission soudaine du gouvernement du leader de Podemos, Pablo Iglesias, qui s\u2019\u00e9tait jet\u00e9 dans la bataille pour les \u00e9lections r\u00e9gionales \u00e0 Madrid, avant d\u2019abandonner la vie politique au soir des \u00e9lections du 4 mai.<\/p>\n<p>Parmi les nouveaux arrivants, Pilar Llop Cuenca devient ministre de la Justice \u00e0 la place de Juan Carlos Campo.<br \/>Raquel S\u00e1nchez Jim\u00e9nez, maire de la petite ville de Gava, est nomm\u00e9e ministre des Transports, tandis que Pilar Alegria devient ministre de l\u2019Education.<\/p>\n<p>La nouvelle porte-parole du gouvernement est Isabel Rodr\u00edguez Garca, qui prendra aussi la t\u00eate du minist\u00e8re de la Politique territoriale, alors que Diana Morant devient ministre de la Science et de l\u2019Innovation.<\/p>\n<p>Mais deux ministres \u00abr\u00e9galiens\u00bb conservent leurs postes: ceux de l\u2019Int\u00e9rieur (Fernando Grande-Marlaska) et de la D\u00e9fense (Margarita Robles).<\/p>\n<p>Depuis le d\u00e9but des ann\u00e9es 1980, les socialistes (1982-1996, 2004-2008 et depuis 2018) et le PP (1996-2004 et 2011-2018) ont altern\u00e9 au pouvoir.<\/p>\n<p>Mais depuis la chute en 2018 du gouvernement conservateur de Mariano Rajoy (PP), le pays est plong\u00e9 dans une grande instabilit\u00e9 politique.<\/p>\n<p>L\u2019article <a rel=\"nofollow\" href=\"http:\/\/albayane.press.ma\/pedro-sanchez-remanie-le-gouvernement-espagnol.html\">Pedro S\u00e1nchez remanie le gouvernement espagnol<\/a> est apparu en premier sur <a rel=\"nofollow\" href=\"http:\/\/albayane.press.ma\/\">ALBAYANE<\/a>.<\/p>\n<\/div>\n<p>Auteur: M&rsquo;hammed rahal<br \/>\n<a href=\"http:\/\/albayane.press.ma\/pedro-sanchez-remanie-le-gouvernement-espagnol.html\">Cliquez ici pour lire l&rsquo;article depuis sa source.<\/a><\/p>\n","protected":false},"excerpt":{"rendered":"<p>Plus jeune et plus f\u00e9minin Plus jeune et plus f\u00e9minin: le Premier ministre socialiste espagnol Pedro S\u00e1nchez a d\u00e9voil\u00e9 samedi la composition de son nouveau gouvernement, qui, \u00abune fois le plus dur de la pand\u00e9mie surmont\u00e9\u00bb, devra oeuvrer \u00ab\u00e0 la reprise \u00e9conomique et \u00e0 la cr\u00e9ation d\u2019emplois\u00bb. Ce remaniement, qui \u00e9tait dans l\u2019air depuis quelques [&hellip;]<\/p>\n","protected":false},"author":1760,"featured_media":0,"comment_status":"closed","ping_status":"closed","sticky":false,"template":"","format":"standard","meta":{"fifu_image_url":"","fifu_image_alt":"","footnotes":""},"categories":[73,54],"tags":[],"class_list":["post-121137","post","type-post","status-publish","format-standard","hentry","category-actualite","category-maroc"],"_links":{"self":[{"href":"https:\/\/linitiative.ca\/International\/wp-json\/wp\/v2\/posts\/121137","targetHints":{"allow":["GET"]}}],"collection":[{"href":"https:\/\/linitiative.ca\/International\/wp-json\/wp\/v2\/posts"}],"about":[{"href":"https:\/\/linitiative.ca\/International\/wp-json\/wp\/v2\/types\/post"}],"author":[{"embeddable":true,"href":"https:\/\/linitiative.ca\/International\/wp-json\/wp\/v2\/users\/1760"}],"replies":[{"embeddable":true,"href":"https:\/\/linitiative.ca\/International\/wp-json\/wp\/v2\/comments?post=121137"}],"version-history":[{"count":0,"href":"https:\/\/linitiative.ca\/International\/wp-json\/wp\/v2\/posts\/121137\/revisions"}],"wp:attachment":[{"href":"https:\/\/linitiative.ca\/International\/wp-json\/wp\/v2\/media?parent=121137"}],"wp:term":[{"taxonomy":"category","embeddable":true,"href":"https:\/\/linitiative.ca\/International\/wp-json\/wp\/v2\/categories?post=121137"},{"taxonomy":"post_tag","embeddable":true,"href":"https:\/\/linitiative.ca\/International\/wp-json\/wp\/v2\/tags?post=121137"}],"curies":[{"name":"wp","href":"https:\/\/api.w.org\/{rel}","templated":true}]}}