{"id":121138,"date":"2021-07-11T14:00:00","date_gmt":"2021-07-11T18:00:00","guid":{"rendered":"https:\/\/linitiative.ca\/International\/approbation-dune-proposition-de-loi-et-5-projets-de-loi-a-caractere-social-economique-et-judiciaire\/"},"modified":"2021-07-11T14:00:00","modified_gmt":"2021-07-11T18:00:00","slug":"approbation-dune-proposition-de-loi-et-5-projets-de-loi-a-caractere-social-economique-et-judiciaire","status":"publish","type":"post","link":"https:\/\/linitiative.ca\/International\/approbation-dune-proposition-de-loi-et-5-projets-de-loi-a-caractere-social-economique-et-judiciaire\/","title":{"rendered":"Approbation d\u2019une proposition de loi et 5 projets de loi \u00e0 caract\u00e8re social, \u00e9conomique et judiciaire"},"content":{"rendered":"<div>\n<p class=\"has-text-align-center has-vivid-red-color has-text-color\"><strong>Chambre des Repr\u00e9sentants<\/strong><\/p>\n<p class=\"has-vivid-cyan-blue-color has-text-color\"><strong>La Chambre des Repr\u00e9sentants a adopt\u00e9, jeudi, \u00e0 l\u2019unanimit\u00e9, cinq projets de lois relatifs \u00e0 la r\u00e9gulation du volontariat contractuel, \u00e0 la r\u00e9forme des \u00e9tablissements et entreprises publics (EEP), \u00e0 la r\u00e9forme fiscale, au Statut G\u00e9n\u00e9ral de la Fonction Publique, \u00e0 l\u2019Inspection g\u00e9n\u00e9rale des affaires judiciaires et une proposition de loi concernant le m\u00e9tier de guide touristique, et ce durant deux s\u00e9ances g\u00e9n\u00e9rales, pr\u00e9sid\u00e9es par Habib El Malki, pr\u00e9sident de la Chambre des Repr\u00e9sentants ainsi que son premier Vice-Pr\u00e9sident, Soulaimane El Amrani.<\/strong><\/p>\n<p>Le projet de loi n\u00b0 06-18 relatif \u00e0 l\u2019organisation du volontariat contractuel vise \u00e0 d\u00e9terminer la notion du volontariat contractuel et l\u2019identification de ses composantes, principes, objectifs et m\u00e9canismes d\u2019application, a indiqu\u00e9 un communiqu\u00e9 de la Chambre des Repr\u00e9sentants.<\/p>\n<p>Il vise \u00e9galement \u00e0 r\u00e9glementer les droits et les devoirs des parties \u00e0 l\u2019action de volontariat contractuel, \u00e0 \u00e9tablir des m\u00e9canismes de contr\u00f4le et d\u2019un r\u00e9gime de sanctions et de p\u00e9nalit\u00e9s associ\u00e9 et \u00e0 cr\u00e9er registre national du volontariat contractuel.<\/p>\n<p>Lors des d\u00e9bats, les parlementaires ont salu\u00e9 le contenu du projet de loi en tant que jalon de la d\u00e9mocratie participative, conform\u00e9ment \u00e0 la constitution de 2011 ainsi qu\u2019une source de \u00ab\u00a0capitalisme social\u00a0\u00bb, et un couronnement de l\u2019accumulation qu\u2019a enregistr\u00e9 le travail social et b\u00e9n\u00e9vole au Maroc, ajoute la m\u00eame source.<\/p>\n<p>Par la m\u00eame occasion, ils ont appel\u00e9 \u00e0 encourager et promouvoir le volontariat, \u00e0 adopter une flexibilit\u00e9 dans le traitement des demandes d\u2019accr\u00e9ditation dans les domaines du volontariat et contractuel et le renforcement de la d\u00e9mocratie participative en fonction de l\u2019\u00e9volution du Royaume dans divers domaines.<\/p>\n<p>S\u2019agissant du projet de loi-cadre n\u00b069-19 relatif \u00e0 la r\u00e9forme fiscale, il tend \u00e0 surmonter les d\u00e9s\u00e9quilibres et les insuffisances du syst\u00e8me fiscal actuel, \u00e0 instaurer la justice fiscale ainsi qu\u2019\u00e0 renforcer la confiance entre l\u2019administration et les d\u00e9tenteurs de droits.<\/p>\n<p>Il vise \u00e9galement \u00e0 mobiliser toutes les possibilit\u00e9s fiscales pour financer les politiques publiques, r\u00e9former le syst\u00e8me des redevances collectives et quasi-fiscales et renforcer le syst\u00e8me de gouvernance efficace et efficiente dans le domaine du front.<\/p>\n<p>D\u2019autre part, cette m\u00eame s\u00e9ance a \u00e9t\u00e9 consacr\u00e9e \u00e0 la discussion du projet de loi n\u00b0 38-21 qui vise \u00e0 fixer la composition de l\u2019inspection g\u00e9n\u00e9rale des affaires judiciaires, ses pr\u00e9rogatives et ses r\u00e9glementations, ainsi que les droits et les obligations de ses membres. Ce projet de loi s\u2019inscrit dans le cadre de la r\u00e9forme du syst\u00e8me judiciaire et vient pour renforcer la construction institutionnelle du pouvoir judiciaire au Maroc.<\/p>\n<p>Au cours de la deuxi\u00e8me s\u00e9ance l\u00e9gislative consacr\u00e9e aux propositions de lois, la Chambre des repr\u00e9sentants a approuv\u00e9 \u00e0 l\u2019unanimit\u00e9 un projet de loi modifiant loi n\u00b0 133-13 portant modification de la loi n\u00b0 05-12 relative \u00e0 l\u2019organisation du m\u00e9tier de guide touristique. Ce projet de loi veut r\u00e9soudre certaines certains probl\u00e8mes li\u00e9s \u00e0 l\u2019application de la loi r\u00e9gissant la carri\u00e8re d\u2019un guide touristique, notamment en ce qui concerne les limites de la formation et de l\u2019emploi, et qui contribuera \u00e0 cr\u00e9er des possibilit\u00e9s d\u2019emploi pour les jeunes et \u00e0 r\u00e9soudre les probl\u00e8mes sociaux d\u2019un large groupe de guides touristiques.<\/p>\n<p>L\u2019article <a rel=\"nofollow\" href=\"http:\/\/albayane.press.ma\/approbation-dune-proposition-de-loi-et-5-projets-de-loi-a-caractere-social-economique-et-judiciaire.html\">Approbation d\u2019une proposition de loi et 5 projets de loi \u00e0 caract\u00e8re social, \u00e9conomique et judiciaire<\/a> est apparu en premier sur <a rel=\"nofollow\" href=\"http:\/\/albayane.press.ma\/\">ALBAYANE<\/a>.<\/p>\n<\/div>\n<p>Auteur: M&rsquo;hammed rahal<br \/>\n<a href=\"http:\/\/albayane.press.ma\/approbation-dune-proposition-de-loi-et-5-projets-de-loi-a-caractere-social-economique-et-judiciaire.html\">Cliquez ici pour lire l&rsquo;article depuis sa source.<\/a><\/p>\n","protected":false},"excerpt":{"rendered":"<p>Chambre des Repr\u00e9sentants La Chambre des Repr\u00e9sentants a adopt\u00e9, jeudi, \u00e0 l\u2019unanimit\u00e9, cinq projets de lois relatifs \u00e0 la r\u00e9gulation du volontariat contractuel, \u00e0 la r\u00e9forme des \u00e9tablissements et entreprises publics (EEP), \u00e0 la r\u00e9forme fiscale, au Statut G\u00e9n\u00e9ral de la Fonction Publique, \u00e0 l\u2019Inspection g\u00e9n\u00e9rale des affaires judiciaires et une proposition de loi concernant [&hellip;]<\/p>\n","protected":false},"author":1760,"featured_media":0,"comment_status":"closed","ping_status":"closed","sticky":false,"template":"","format":"standard","meta":{"fifu_image_url":"","fifu_image_alt":"","footnotes":""},"categories":[73,54],"tags":[],"class_list":["post-121138","post","type-post","status-publish","format-standard","hentry","category-actualite","category-maroc"],"_links":{"self":[{"href":"https:\/\/linitiative.ca\/International\/wp-json\/wp\/v2\/posts\/121138","targetHints":{"allow":["GET"]}}],"collection":[{"href":"https:\/\/linitiative.ca\/International\/wp-json\/wp\/v2\/posts"}],"about":[{"href":"https:\/\/linitiative.ca\/International\/wp-json\/wp\/v2\/types\/post"}],"author":[{"embeddable":true,"href":"https:\/\/linitiative.ca\/International\/wp-json\/wp\/v2\/users\/1760"}],"replies":[{"embeddable":true,"href":"https:\/\/linitiative.ca\/International\/wp-json\/wp\/v2\/comments?post=121138"}],"version-history":[{"count":0,"href":"https:\/\/linitiative.ca\/International\/wp-json\/wp\/v2\/posts\/121138\/revisions"}],"wp:attachment":[{"href":"https:\/\/linitiative.ca\/International\/wp-json\/wp\/v2\/media?parent=121138"}],"wp:term":[{"taxonomy":"category","embeddable":true,"href":"https:\/\/linitiative.ca\/International\/wp-json\/wp\/v2\/categories?post=121138"},{"taxonomy":"post_tag","embeddable":true,"href":"https:\/\/linitiative.ca\/International\/wp-json\/wp\/v2\/tags?post=121138"}],"curies":[{"name":"wp","href":"https:\/\/api.w.org\/{rel}","templated":true}]}}