{"id":121139,"date":"2021-07-11T14:00:00","date_gmt":"2021-07-11T18:00:00","guid":{"rendered":"https:\/\/linitiative.ca\/International\/le-limogeage-de-arancha-gonzalez-laya-un-premier-pas-pour-corriger-la-trajectoire\/"},"modified":"2021-07-11T14:00:00","modified_gmt":"2021-07-11T18:00:00","slug":"le-limogeage-de-arancha-gonzalez-laya-un-premier-pas-pour-corriger-la-trajectoire","status":"publish","type":"post","link":"https:\/\/linitiative.ca\/International\/le-limogeage-de-arancha-gonzalez-laya-un-premier-pas-pour-corriger-la-trajectoire\/","title":{"rendered":"Le limogeage de Arancha Gonzalez Laya, un premier pas pour corriger la trajectoire"},"content":{"rendered":"<div>\n<p class=\"has-text-align-center has-text-color\" style=\"color:#0608e5\">Remaniement minist\u00e9riel surprise en Espagne<\/p>\n<p class=\"has-text-align-right\">Par Idriss Tekki (MAP)<\/p>\n<p class=\"has-white-color has-vivid-red-background-color has-text-color has-background\">L\u2019affaire Benbattouche ou le tristement c\u00e9l\u00e8bre \u201cGhali Gate\u201d aura eu finalement raison d\u2019Arancha Gonzalez Laya, ministre espagnole des affaires \u00e9trang\u00e8res, qui vient d\u2019\u00eatre \u00e9vinc\u00e9e \u00e0 l\u2019occasion d\u2019un remaniement minist\u00e9riel surprise.<\/p>\n<p>Depuis l\u2019\u00e9clatement de cette affaire, et compte tenu de son impact sur les relations maroco-espagnoles, tout particuli\u00e8rement au vu de la fermet\u00e9 avec laquelle les autorit\u00e9s marocaines ont trait\u00e9 le dossier, la classe politique ib\u00e9rique s\u2019attendait \u00e0 un tel remaniement.<\/p>\n<p>Le Parti populaire (PP), principale formation politique de l\u2019opposition en Espagne, avait r\u00e9clam\u00e9 d\u00e9but juin le d\u00e9part imm\u00e9diat de la ministre pour sa gestion \u201ccalamiteuse\u201d de la crise avec le Maroc et l&rsquo;\u00a0\u00bbaveuglement\u00a0\u00bb dont elle a fait preuve dans l\u2019affaire du d\u00e9nomm\u00e9 Brahim Ghali.<\/p>\n<p>Faisant preuve d\u2019une immaturit\u00e9 choquante, Arancha Gonz\u00e1lez Laya a sc\u00e9naris\u00e9 l\u2019un des plus grands scandales diplomatiques de l\u2019histoire entre Rabat et Madrid. Une crise sans pr\u00e9c\u00e9dent qui a choqu\u00e9 par son ampleur, mais surtout par les motivations qu\u2019elle a mises en avant et qui ont fini par lui co\u00fbter son portefeuille.<\/p>\n<p>Difficile d\u2019expliquer comment un Etat europ\u00e9en d\u00e9cide de s\u2019aventurer dans un terrain min\u00e9 en sacrifiant ses propres int\u00e9r\u00eats et ceux de sa population pour les \u201cbeaux yeux\u00a0\u00bb d\u2019un groupe s\u00e9paratiste.<\/p>\n<p>Dans cette d\u00e9marche irr\u00e9fl\u00e9chie, Mme Gonzalez Laya a pr\u00e9f\u00e9r\u00e9 sacrifier une relation s\u00e9culaire et strat\u00e9gique avec un partenaire fiable dont la loyaut\u00e9 n\u2019est plus \u00e0 d\u00e9montrer, au profit d\u2019un chef de bande de mercenaires point\u00e9e du doigt par la communaut\u00e9 internationale pour ses collusions av\u00e9r\u00e9es avec le terrorisme et les trafics de tout genre notamment dans la bande sah\u00e9losaharienne.<\/p>\n<p>Qui aurait cru qu\u2019un Etat comme l\u2019Espagne, qui plus est, a souffert et continue de souffrir des affres du s\u00e9paratisme en Catalogne et au Pays Basque par exemple, puisse un jour se livrer \u00e0 un jeu \u00e0 courte vue en accueillant sur son sol, en cachette, avec des documents falsifi\u00e9s et sous une identit\u00e9 usurp\u00e9e et un faux passeport alg\u00e9rien, le chef des s\u00e9paratistes du polisario Brahim Ghali, poursuivi par la justice espagnole pour des viols et des crimes contre l\u2019humanit\u00e9?<\/p>\n<p>En commettant son acte d\u00e9loyal, l\u2019ex-ministre des AE a oubli\u00e9 que le Maroc dispose de l\u2019un des services de renseignements les plus performants dans le monde, dont la comp\u00e9tence est connue et reconnue, notamment par les Espagnols eux-m\u00eames, et qui a \u00e9t\u00e9 au courant d\u00e8s les premi\u00e8res heures de l\u2019affaire Benbattouche et de la complicit\u00e9 espagnole.<\/p>\n<p>Quand l\u2019affaire fuite dans la presse et le scandale \u00e9clate au grand jour, la ministre a d\u2019abord essay\u00e9 de le camoufler, avant de reconna\u00eetre, sous la pression de l\u2019opinion publique, que son pays a bel et bien accueilli le d\u00e9nomm\u00e9 Brahim Ghali.<\/p>\n<p>Elle sera ensuite rattrap\u00e9e par les r\u00e9v\u00e9lations de l\u2019arm\u00e9e qui ont clairement point\u00e9 sa responsabilit\u00e9 dans cette affaire.<\/p>\n<p>Gonzales Laya n\u2019a pas \u00e9t\u00e9 en mesure de justifier devant son propre gouvernement et devant la classe politique espagnole, ni aupr\u00e8s de l\u2019opinion publique, les raisons l\u2019ayant pouss\u00e9 \u00e0 agir de la sorte, mais son \u00e9viction vient aujourd\u2019hui confirmer l\u2019ampleur de sa responsabilit\u00e9 dans le pourrissement des relations hispano-marocaines.<\/p>\n<p>L\u2019article <a rel=\"nofollow\" href=\"http:\/\/albayane.press.ma\/le-limogeage-de-arancha-gonzalez-laya-un-premier-pas-pour-corriger-la-trajectoire.html\">Le limogeage de Arancha Gonzalez Laya, un premier pas pour corriger la trajectoire<\/a> est apparu en premier sur <a rel=\"nofollow\" href=\"http:\/\/albayane.press.ma\/\">ALBAYANE<\/a>.<\/p>\n<\/div>\n<p>Auteur: M&rsquo;hammed rahal<br \/>\n<a href=\"http:\/\/albayane.press.ma\/le-limogeage-de-arancha-gonzalez-laya-un-premier-pas-pour-corriger-la-trajectoire.html\">Cliquez ici pour lire l&rsquo;article depuis sa source.<\/a><\/p>\n","protected":false},"excerpt":{"rendered":"<p>Remaniement minist\u00e9riel surprise en Espagne Par Idriss Tekki (MAP) L\u2019affaire Benbattouche ou le tristement c\u00e9l\u00e8bre \u201cGhali Gate\u201d aura eu finalement raison d\u2019Arancha Gonzalez Laya, ministre espagnole des affaires \u00e9trang\u00e8res, qui vient d\u2019\u00eatre \u00e9vinc\u00e9e \u00e0 l\u2019occasion d\u2019un remaniement minist\u00e9riel surprise. Depuis l\u2019\u00e9clatement de cette affaire, et compte tenu de son impact sur les relations maroco-espagnoles, tout [&hellip;]<\/p>\n","protected":false},"author":1760,"featured_media":0,"comment_status":"closed","ping_status":"closed","sticky":false,"template":"","format":"standard","meta":{"fifu_image_url":"","fifu_image_alt":"","footnotes":""},"categories":[73,54],"tags":[],"class_list":["post-121139","post","type-post","status-publish","format-standard","hentry","category-actualite","category-maroc"],"_links":{"self":[{"href":"https:\/\/linitiative.ca\/International\/wp-json\/wp\/v2\/posts\/121139","targetHints":{"allow":["GET"]}}],"collection":[{"href":"https:\/\/linitiative.ca\/International\/wp-json\/wp\/v2\/posts"}],"about":[{"href":"https:\/\/linitiative.ca\/International\/wp-json\/wp\/v2\/types\/post"}],"author":[{"embeddable":true,"href":"https:\/\/linitiative.ca\/International\/wp-json\/wp\/v2\/users\/1760"}],"replies":[{"embeddable":true,"href":"https:\/\/linitiative.ca\/International\/wp-json\/wp\/v2\/comments?post=121139"}],"version-history":[{"count":0,"href":"https:\/\/linitiative.ca\/International\/wp-json\/wp\/v2\/posts\/121139\/revisions"}],"wp:attachment":[{"href":"https:\/\/linitiative.ca\/International\/wp-json\/wp\/v2\/media?parent=121139"}],"wp:term":[{"taxonomy":"category","embeddable":true,"href":"https:\/\/linitiative.ca\/International\/wp-json\/wp\/v2\/categories?post=121139"},{"taxonomy":"post_tag","embeddable":true,"href":"https:\/\/linitiative.ca\/International\/wp-json\/wp\/v2\/tags?post=121139"}],"curies":[{"name":"wp","href":"https:\/\/api.w.org\/{rel}","templated":true}]}}