{"id":121141,"date":"2021-07-12T04:59:13","date_gmt":"2021-07-12T08:59:13","guid":{"rendered":"https:\/\/linitiative.ca\/International\/des-acteurs-associatifs-se-mobilisent-pour-la-proprete-de-la-plage\/"},"modified":"2021-07-12T04:59:13","modified_gmt":"2021-07-12T08:59:13","slug":"des-acteurs-associatifs-se-mobilisent-pour-la-proprete-de-la-plage","status":"publish","type":"post","link":"https:\/\/linitiative.ca\/International\/des-acteurs-associatifs-se-mobilisent-pour-la-proprete-de-la-plage\/","title":{"rendered":"Des acteurs associatifs se mobilisent pour la propret\u00e9 de la plage"},"content":{"rendered":"<div>\n<div style=\"margin-bottom:20px;\"><img loading=\"lazy\" decoding=\"async\" width=\"750\" height=\"430\" src=\"https:\/\/linitiative.ca\/International\/wp-content\/uploads\/sites\/23\/2021\/07\/plage-Essaouira-mobilisation-autoritC3A9s-copier.jpg\" class=\"attachment-post-thumbnail size-post-thumbnail wp-post-image\" alt=\"\" srcset=\"https:\/\/linitiative.ca\/International\/wp-content\/uploads\/sites\/23\/2021\/07\/plage-Essaouira-mobilisation-autoritC3A9s-copier.jpg 750w, http:\/\/www.mapmarrakech.ma\/map\/uploads\/2021\/06\/plage-Essaouira-mobilisation-autorit\u00e9s-copier-300x172.jpg 300w\" sizes=\"auto, (max-width: 750px) 100vw, 750px\"><\/div>\n<p>Initi\u00e9e par cette Association, qui a vu le jour \u00e0 peine un mois, cette initiative louable organis\u00e9e sous le signe \u00ab\u00a0Surfer sur une plage propre\u00a0\u00bb se veut une contribution effective \u00e0 la pr\u00e9servation de cet espace tr\u00e8s pris\u00e9 en cette p\u00e9riode d\u2019\u00e9t\u00e9 et \u00e0 la sensibilisation des estivants et des visiteurs de la ville quant aux effets n\u00e9fastes de la pollution et de certaines attitudes qui nuisent \u00e0 l\u2019environnement au niveau de la plage de la cit\u00e9.<\/p>\n<p>En effet, cet espace est pris d\u2019assaut par les vacanciers au cours de cette p\u00e9riode estivale et se trouve, ainsi, envahi par les d\u00e9chets, notamment en plastique, d\u2019o\u00f9 cette action \u00ab\u00a0\u00e9colo\u00a0\u00bb pour pr\u00e9server sa propret\u00e9, expliquent les organisateurs.<\/p>\n<p>Il s\u2019agit aussi de la premi\u00e8re activit\u00e9 organis\u00e9e par l\u2019association \u00ab\u00a0Moga Mouja Surf\u00a0\u00bb avec la participation d\u2019un groupe de jeunes et d\u2019adolescents afin de leur permettre de b\u00e9n\u00e9ficier de s\u00e9ances d\u2019initiation au surf, pr\u00e9cisent-ils.<\/p>\n<p>Au terme de cette action, \u00e0 la fois civique et sportive, des dizaines de sacs ont \u00e9t\u00e9 remplis de divers d\u00e9chets, notamment en plastique, qui jonchent le sable de la plage et son environnement.<\/p>\n<p>Par la suite, les jeunes participants, gar\u00e7ons et filles, ont \u00e9t\u00e9 invit\u00e9s \u00e0 des s\u00e9ances th\u00e9oriques et pratiques de surf afin de les initier \u00e0 cette discipline sportive, encadr\u00e9es par des membres de l\u2019Association.<\/p>\n<p>Cette op\u00e9ration a suscit\u00e9 un \u00e9cho tr\u00e8s favorable aupr\u00e8s des b\u00e9n\u00e9ficiaires en ce sens qu\u2019elle leur a permis de d\u00e9couvrir un sport qu\u2019ils n\u2019ont pas l\u2019habitude de pratiquer et dont ils ignorent jusque-l\u00e0 les techniques.<\/p>\n<p>Cr\u00e9\u00e9e r\u00e9cemment par des jeunes fortement motiv\u00e9s et engag\u00e9s, \u00ab\u00a0Moga Mouja Surf\u00a0\u00bb s\u2019assigne essentiellement pour mission d\u2019aider les enfants et les jeunes de la ville d\u2019Essaouira dans leurs \u00e9tudes, de les initier \u00e0 la pratique de certains sports nautiques et de contribuer au d\u00e9veloppement de leurs comp\u00e9tences dans divers domaines (culturel, sportif,\u2026).<\/p>\n<p>Le plan d\u2019action de l\u2019association pr\u00e9voit \u00e9galement des initiatives sociales et \u00e9cologiques ainsi que des actions visant la cons\u00e9cration des valeurs de citoyennet\u00e9 et de solidarit\u00e9.<\/p>\n<p>The post <a rel=\"nofollow\" href=\"http:\/\/www.mapmarrakech.ma\/fr\/des-acteurs-associatifs-se-mobilisent-pour-la-proprete-de-la-plage\/\">Des acteurs associatifs se mobilisent pour la propret\u00e9 de la plage<\/a> appeared first on <a rel=\"nofollow\" href=\"http:\/\/www.mapmarrakech.ma\/fr\">MapMarrakech<\/a>.<\/p>\n<\/div>\n<p>Auteur: Meriem IGASS<br \/>\n<a href=\"http:\/\/www.mapmarrakech.ma\/fr\/des-acteurs-associatifs-se-mobilisent-pour-la-proprete-de-la-plage\/\">Cliquez ici pour lire l&rsquo;article depuis sa source.<\/a><\/p>\n","protected":false},"excerpt":{"rendered":"<p>Initi\u00e9e par cette Association, qui a vu le jour \u00e0 peine un mois, cette initiative louable organis\u00e9e sous le signe \u00ab\u00a0Surfer sur une plage propre\u00a0\u00bb se veut une contribution effective \u00e0 la pr\u00e9servation de cet espace tr\u00e8s pris\u00e9 en cette p\u00e9riode d\u2019\u00e9t\u00e9 et \u00e0 la sensibilisation des estivants et des visiteurs de la ville quant [&hellip;]<\/p>\n","protected":false},"author":1788,"featured_media":0,"comment_status":"closed","ping_status":"closed","sticky":false,"template":"","format":"standard","meta":{"fifu_image_url":"http:\/\/www.mapmarrakech.ma\/map\/uploads\/2021\/06\/plage-Essaouira-mobilisation-autorit\u00e9s-copier.jpg","fifu_image_alt":"Des acteurs associatifs se mobilisent pour la propret\u00e9 de la plage","footnotes":""},"categories":[54,76],"tags":[],"class_list":["post-121141","post","type-post","status-publish","format-standard","hentry","category-maroc","category-regions"],"_links":{"self":[{"href":"https:\/\/linitiative.ca\/International\/wp-json\/wp\/v2\/posts\/121141","targetHints":{"allow":["GET"]}}],"collection":[{"href":"https:\/\/linitiative.ca\/International\/wp-json\/wp\/v2\/posts"}],"about":[{"href":"https:\/\/linitiative.ca\/International\/wp-json\/wp\/v2\/types\/post"}],"author":[{"embeddable":true,"href":"https:\/\/linitiative.ca\/International\/wp-json\/wp\/v2\/users\/1788"}],"replies":[{"embeddable":true,"href":"https:\/\/linitiative.ca\/International\/wp-json\/wp\/v2\/comments?post=121141"}],"version-history":[{"count":0,"href":"https:\/\/linitiative.ca\/International\/wp-json\/wp\/v2\/posts\/121141\/revisions"}],"wp:attachment":[{"href":"https:\/\/linitiative.ca\/International\/wp-json\/wp\/v2\/media?parent=121141"}],"wp:term":[{"taxonomy":"category","embeddable":true,"href":"https:\/\/linitiative.ca\/International\/wp-json\/wp\/v2\/categories?post=121141"},{"taxonomy":"post_tag","embeddable":true,"href":"https:\/\/linitiative.ca\/International\/wp-json\/wp\/v2\/tags?post=121141"}],"curies":[{"name":"wp","href":"https:\/\/api.w.org\/{rel}","templated":true}]}}