{"id":121143,"date":"2021-07-12T08:21:32","date_gmt":"2021-07-12T12:21:32","guid":{"rendered":"https:\/\/linitiative.ca\/International\/vague-de-chaleur-des-records-absolus-enregistres-entre-vendredi-et-dimanche\/"},"modified":"2021-07-12T08:21:32","modified_gmt":"2021-07-12T12:21:32","slug":"vague-de-chaleur-des-records-absolus-enregistres-entre-vendredi-et-dimanche","status":"publish","type":"post","link":"https:\/\/linitiative.ca\/International\/vague-de-chaleur-des-records-absolus-enregistres-entre-vendredi-et-dimanche\/","title":{"rendered":"Vague de chaleur: des records absolus enregistr\u00e9s entre vendredi et dimanche"},"content":{"rendered":"<div>\n<div style=\"margin-bottom:20px;\"><img loading=\"lazy\" decoding=\"async\" width=\"750\" height=\"430\" src=\"https:\/\/linitiative.ca\/International\/wp-content\/uploads\/sites\/23\/2021\/07\/Assouplissement-des-mesures-du-confinement-sanitaire-C3A0-Oujda-750C397430-MAP.jpg\" class=\"attachment-post-thumbnail size-post-thumbnail wp-post-image\" alt=\"\" srcset=\"https:\/\/linitiative.ca\/International\/wp-content\/uploads\/sites\/23\/2021\/07\/Assouplissement-des-mesures-du-confinement-sanitaire-C3A0-Oujda-750C397430-MAP.jpg 750w, http:\/\/www.mapoujda.ma\/map\/uploads\/2021\/07\/Assouplissement-des-mesures-du-confinement-sanitaire-\u00e0-Oujda-750\u00d7430-MAP-300x172.jpg 300w\" sizes=\"auto, (max-width: 750px) 100vw, 750px\"><\/div>\n<div class=\"entry-content clearfix single-post-content\">\n<p style=\"text-align: justify;\">Des records absolus de temp\u00e9ratures maximales ont \u00e9t\u00e9 battus entre vendredi et dimanche dans plusieurs r\u00e9gions du Royaume, a indiqu\u00e9, lundi, la Direction g\u00e9n\u00e9rale de la m\u00e9t\u00e9orologie (DGM).<\/p>\n<p style=\"text-align: justify;\">La situation m\u00e9t\u00e9orologique a \u00e9t\u00e9 caract\u00e9ris\u00e9e d\u00e8s vendredi et durant les journ\u00e9es de samedi et dimanche par une vague de chaleur, type chergui, qui a int\u00e9ress\u00e9 la majeure partie du pays, souligne la DGM dans un communiqu\u00e9, pr\u00e9cisant que ce temps caniculaire est d\u00fb \u00e0 la remont\u00e9e d\u2019une masse d\u2019air sec et chaud par le Sud, causant une hausse sensible des temp\u00e9ratures et d\u00e9passant la normale mensuelle de 5 \u00e0 12 degr\u00e9s.<\/p>\n<p style=\"text-align: justify;\">La journ\u00e9e du samedi a \u00e9t\u00e9 la plus chaude avec des temp\u00e9ratures exceptionnelles, jamais mesur\u00e9es tous mois confondus sur certaines r\u00e9gions, indique la DGM.<\/p>\n<p style=\"text-align: justify;\">Ainsi des records absolus de temp\u00e9ratures maximales ont \u00e9t\u00e9 battus :<\/p>\n<p style=\"text-align: justify;\">La journ\u00e9e du vendredi 09 juillet 2021 :<\/p>\n<p style=\"text-align: justify;\">\u221936,8 \u00b0C \u00e0 Ifrane. Ancien record : 36,4\u00b0C le 16\/07\/2012.<\/p>\n<p style=\"text-align: justify;\">\u221946,1 \u00b0C \u00e0 Khouribga. Ancien record : 44,5\u00b0C le 07\/07\/2020.<\/p>\n<p style=\"text-align: justify;\">La journ\u00e9e du samedi 10 juillet 2021 :<\/p>\n<p style=\"text-align: justify;\">\u221949,6 \u00b0C \u00e0 Sidi Slimane. Ancien record : 49,0 \u00b0C enregistr\u00e9 le 23\/07\/1995.<\/p>\n<p style=\"text-align: justify;\">\u221947,8 \u00b0C \u00e0 Beni-Mellal. Ancien record: 46,1\u00b0C le 12\/07\/2017.<\/p>\n<p style=\"text-align: justify;\">\u221946,8 \u00b0C \u00e0 Mekn\u00e8s. Ancien record: 46,2\u00b0C le 09\/08\/1925.<\/p>\n<p style=\"text-align: justify;\">\u221946,7 \u00b0C \u00e0 Settat. Ancien record: 46,1\u00b0C le 07\/07\/2020.<\/p>\n<p style=\"text-align: justify;\">\u221946,4 \u00b0C \u00e0 F\u00e8s. Ancien record : 46,4\u00b0C le 12\/07\/2017.<\/p>\n<p style=\"text-align: justify;\">\u221946,4 \u00b0C \u00e0 Larache. Ancien record : 45,4 \u00b0C le 19\/07\/1995.<\/p>\n<p style=\"text-align: justify;\">La journ\u00e9e du dimanche 11 juillet 2021 :<\/p>\n<p style=\"text-align: justify;\">\u221947,3 \u00b0C \u00e0 Oujda. Ancien record : 46,2\u00b0C enregistr\u00e9 le 31\/07\/2001.<\/p>\n<p style=\"text-align: justify;\">\u221946,2 \u00b0C \u00e0 Taourirte. Ancien record : 46,0 \u00b0C enregistr\u00e9 le 23\/07\/2001.<\/p>\n<p style=\"text-align: justify;\">Il est pr\u00e9vu que le temps restera chaud sur le Centre, le Sud et le Sud-Est du pays au cours de la semaine, avec toutefois une baisse des temp\u00e9ratures sur le Nord et l\u2019Est du Royaume les mardi et mercredi, souligne la m\u00eame source.<\/p>\n<\/div>\n<p>L\u2019article <a rel=\"nofollow\" href=\"http:\/\/www.mapoujda.ma\/fr\/vague-de-chaleur-des-records-absolus-enregistres-entre-vendredi-et-dimanche\/\">Vague de chaleur: des records absolus enregistr\u00e9s entre vendredi et dimanche<\/a> est apparu en premier sur <a rel=\"nofollow\" href=\"http:\/\/www.mapoujda.ma\/fr\">MapOujda<\/a>.<\/p>\n<\/div>\n<p>Auteur: Soufiane ELAHMAR<br \/>\n<a href=\"http:\/\/www.mapoujda.ma\/fr\/vague-de-chaleur-des-records-absolus-enregistres-entre-vendredi-et-dimanche\/\">Cliquez ici pour lire l&rsquo;article depuis sa source.<\/a><\/p>\n","protected":false},"excerpt":{"rendered":"<p>Des records absolus de temp\u00e9ratures maximales ont \u00e9t\u00e9 battus entre vendredi et dimanche dans plusieurs r\u00e9gions du Royaume, a indiqu\u00e9, lundi, la Direction g\u00e9n\u00e9rale de la m\u00e9t\u00e9orologie (DGM). La situation m\u00e9t\u00e9orologique a \u00e9t\u00e9 caract\u00e9ris\u00e9e d\u00e8s vendredi et durant les journ\u00e9es de samedi et dimanche par une vague de chaleur, type chergui, qui a int\u00e9ress\u00e9 la [&hellip;]<\/p>\n","protected":false},"author":1788,"featured_media":0,"comment_status":"closed","ping_status":"closed","sticky":false,"template":"","format":"standard","meta":{"fifu_image_url":"http:\/\/www.mapoujda.ma\/map\/uploads\/2021\/07\/Assouplissement-des-mesures-du-confinement-sanitaire-\u00e0-Oujda-750\u00d7430-MAP.jpg","fifu_image_alt":"Vague de chaleur: des records absolus enregistr\u00e9s entre vendredi et dimanche","footnotes":""},"categories":[54,76],"tags":[],"class_list":["post-121143","post","type-post","status-publish","format-standard","hentry","category-maroc","category-regions"],"_links":{"self":[{"href":"https:\/\/linitiative.ca\/International\/wp-json\/wp\/v2\/posts\/121143","targetHints":{"allow":["GET"]}}],"collection":[{"href":"https:\/\/linitiative.ca\/International\/wp-json\/wp\/v2\/posts"}],"about":[{"href":"https:\/\/linitiative.ca\/International\/wp-json\/wp\/v2\/types\/post"}],"author":[{"embeddable":true,"href":"https:\/\/linitiative.ca\/International\/wp-json\/wp\/v2\/users\/1788"}],"replies":[{"embeddable":true,"href":"https:\/\/linitiative.ca\/International\/wp-json\/wp\/v2\/comments?post=121143"}],"version-history":[{"count":0,"href":"https:\/\/linitiative.ca\/International\/wp-json\/wp\/v2\/posts\/121143\/revisions"}],"wp:attachment":[{"href":"https:\/\/linitiative.ca\/International\/wp-json\/wp\/v2\/media?parent=121143"}],"wp:term":[{"taxonomy":"category","embeddable":true,"href":"https:\/\/linitiative.ca\/International\/wp-json\/wp\/v2\/categories?post=121143"},{"taxonomy":"post_tag","embeddable":true,"href":"https:\/\/linitiative.ca\/International\/wp-json\/wp\/v2\/tags?post=121143"}],"curies":[{"name":"wp","href":"https:\/\/api.w.org\/{rel}","templated":true}]}}