{"id":121145,"date":"2021-07-12T11:22:36","date_gmt":"2021-07-12T15:22:36","guid":{"rendered":"https:\/\/linitiative.ca\/International\/symposium-a-nador-sur-la-valorisation-medicinale-du-cannabis\/"},"modified":"2021-07-12T11:22:36","modified_gmt":"2021-07-12T15:22:36","slug":"symposium-a-nador-sur-la-valorisation-medicinale-du-cannabis","status":"publish","type":"post","link":"https:\/\/linitiative.ca\/International\/symposium-a-nador-sur-la-valorisation-medicinale-du-cannabis\/","title":{"rendered":"Symposium \u00e0 Nador sur la valorisation m\u00e9dicinale du cannabis"},"content":{"rendered":"<div>\n<div style=\"margin-bottom:20px;\"><img loading=\"lazy\" decoding=\"async\" width=\"750\" height=\"430\" src=\"https:\/\/linitiative.ca\/International\/wp-content\/uploads\/sites\/23\/2021\/07\/un-participant-C3A0-une-rencontre-750C397430-MAP.jpg\" class=\"attachment-post-thumbnail size-post-thumbnail wp-post-image\" alt=\"\" srcset=\"https:\/\/linitiative.ca\/International\/wp-content\/uploads\/sites\/23\/2021\/07\/un-participant-C3A0-une-rencontre-750C397430-MAP.jpg 750w, http:\/\/www.mapoujda.ma\/map\/uploads\/2021\/06\/un-participant-\u00e0-une-rencontre-750\u00d7430-MAP-300x172.jpg 300w\" sizes=\"auto, (max-width: 750px) 100vw, 750px\"><\/div>\n<div>\n<p style=\"text-align: justify;\">L\u2019Universit\u00e9 Mohammed Premier (UMP) d\u2019Oujda et la Facult\u00e9 pluridisciplinaire de Nador viennent d\u2019organiser la premi\u00e8re \u00e9dition du Symposium \u00abRecherche pour la biodiversit\u00e9 et la valorisation pharmaceutique et m\u00e9dicinale de la plante Cannabis Sativa\u00bb.<\/p>\n<p style=\"text-align: justify;\">Cette premi\u00e8re \u00e9dition, qui a eu lieu samedi \u00e0 Nador, a \u00e9t\u00e9 marqu\u00e9e par la pr\u00e9sentation du premier ouvrage compilant les recherches scientifiques d\u2019experts marocains de diverses universit\u00e9s nationales traitant de la biodiversit\u00e9 et la plante de cannabis, et dans quelle mesure elles sont li\u00e9es aux secteur m\u00e9dical, pharmaceutique et agricole, tout en rappelant les diff\u00e9rentes techniques d\u2019analyses biochimiques utiles dans ce domaine.<\/p>\n<p style=\"text-align: justify;\">A cet \u00e9gard, le Pr. Kamal Aberkani, membre du comit\u00e9 d\u2019organisation du symposium, a not\u00e9 que l\u2019un des r\u00e9sultats les plus marquants de cette conf\u00e9rence est l\u2019accord sur la formation d\u2019une \u00e9quipe nationale de suivi et de recherche scientifique dans ce domaine, mettant en avant le r\u00f4le de premier plan que doivent jouer dans ce sens les experts marocains, tout en permettant aux chercheurs \u00e9trangers d\u2019assister, de participer et de contribuer \u00e0 l\u2019enrichissement du travail men\u00e9 dans ce domaine.<\/p>\n<p style=\"text-align: justify;\">Il a \u00e9galement soulign\u00e9 que le but de cette rencontre est de r\u00e9unir des experts, des chercheurs scientifiques, des m\u00e9decins, des d\u00e9cideurs et des personnes int\u00e9ress\u00e9es par le sujet, afin de r\u00e9fl\u00e9chir sur les moyens \u00e0 mettre en \u0153uvre pour promouvoir la science et la connaissance sur la plante du cannabis et sur les m\u00e9thodes pour une exploitation positive de cette ressource naturelle.<\/p>\n<p style=\"text-align: justify;\">Il est \u00e0 noter que les participants \u00e0 ce premier congr\u00e8s scientifique sur la biodiversit\u00e9 et la valorisation pharmaceutique et m\u00e9dicale de la plante de cannabis ont convenu d\u2019interpeller les parties concern\u00e9es afin d\u2019obtenir une licence officielle pour mener ces recherches au niveau national et international, et ce pour contribuer au d\u00e9veloppement durable et promouvoir l\u2019exploitation positive et l\u2019utilisation l\u00e9gale de cette plante.<\/p>\n<p style=\"text-align: justify;\">Cette rencontre a \u00e9t\u00e9 organis\u00e9e en partenariat avec la Chambre de commerce, d\u2019industrie et de services de l\u2019Oriental, la Chambre d\u2019agriculture, l\u2019universit\u00e9 Mohammed VI des Sciences de la Sant\u00e9 \u00e0 Casablanca, et la facult\u00e9 de m\u00e9decine et de pharmacie d\u2019Oujda.<\/p>\n<\/div>\n<p>L\u2019article <a rel=\"nofollow\" href=\"http:\/\/www.mapoujda.ma\/fr\/symposium-a-nador-sur-la-valorisation-medicinale-du-cannabis\/\">Symposium \u00e0 Nador sur la valorisation m\u00e9dicinale du cannabis<\/a> est apparu en premier sur <a rel=\"nofollow\" href=\"http:\/\/www.mapoujda.ma\/fr\">MapOujda<\/a>.<\/p>\n<\/div>\n<p>Auteur: Soufiane ELAHMAR<br \/>\n<a href=\"http:\/\/www.mapoujda.ma\/fr\/symposium-a-nador-sur-la-valorisation-medicinale-du-cannabis\/\">Cliquez ici pour lire l&rsquo;article depuis sa source.<\/a><\/p>\n","protected":false},"excerpt":{"rendered":"<p>L\u2019Universit\u00e9 Mohammed Premier (UMP) d\u2019Oujda et la Facult\u00e9 pluridisciplinaire de Nador viennent d\u2019organiser la premi\u00e8re \u00e9dition du Symposium \u00abRecherche pour la biodiversit\u00e9 et la valorisation pharmaceutique et m\u00e9dicinale de la plante Cannabis Sativa\u00bb. Cette premi\u00e8re \u00e9dition, qui a eu lieu samedi \u00e0 Nador, a \u00e9t\u00e9 marqu\u00e9e par la pr\u00e9sentation du premier ouvrage compilant les recherches [&hellip;]<\/p>\n","protected":false},"author":1788,"featured_media":0,"comment_status":"closed","ping_status":"closed","sticky":false,"template":"","format":"standard","meta":{"fifu_image_url":"http:\/\/www.mapoujda.ma\/map\/uploads\/2021\/06\/un-participant-\u00e0-une-rencontre-750\u00d7430-MAP.jpg","fifu_image_alt":"Symposium \u00e0 Nador sur la valorisation m\u00e9dicinale du cannabis","footnotes":""},"categories":[54,76],"tags":[],"class_list":["post-121145","post","type-post","status-publish","format-standard","hentry","category-maroc","category-regions"],"_links":{"self":[{"href":"https:\/\/linitiative.ca\/International\/wp-json\/wp\/v2\/posts\/121145","targetHints":{"allow":["GET"]}}],"collection":[{"href":"https:\/\/linitiative.ca\/International\/wp-json\/wp\/v2\/posts"}],"about":[{"href":"https:\/\/linitiative.ca\/International\/wp-json\/wp\/v2\/types\/post"}],"author":[{"embeddable":true,"href":"https:\/\/linitiative.ca\/International\/wp-json\/wp\/v2\/users\/1788"}],"replies":[{"embeddable":true,"href":"https:\/\/linitiative.ca\/International\/wp-json\/wp\/v2\/comments?post=121145"}],"version-history":[{"count":0,"href":"https:\/\/linitiative.ca\/International\/wp-json\/wp\/v2\/posts\/121145\/revisions"}],"wp:attachment":[{"href":"https:\/\/linitiative.ca\/International\/wp-json\/wp\/v2\/media?parent=121145"}],"wp:term":[{"taxonomy":"category","embeddable":true,"href":"https:\/\/linitiative.ca\/International\/wp-json\/wp\/v2\/categories?post=121145"},{"taxonomy":"post_tag","embeddable":true,"href":"https:\/\/linitiative.ca\/International\/wp-json\/wp\/v2\/tags?post=121145"}],"curies":[{"name":"wp","href":"https:\/\/api.w.org\/{rel}","templated":true}]}}