{"id":121153,"date":"2021-07-12T10:48:48","date_gmt":"2021-07-12T14:48:48","guid":{"rendered":"https:\/\/linitiative.ca\/International\/gestion-durable-du-phosphore-ocp-rejoint-lespp\/"},"modified":"2021-07-12T10:48:48","modified_gmt":"2021-07-12T14:48:48","slug":"gestion-durable-du-phosphore-ocp-rejoint-lespp","status":"publish","type":"post","link":"https:\/\/linitiative.ca\/International\/gestion-durable-du-phosphore-ocp-rejoint-lespp\/","title":{"rendered":"Gestion durable du phosphore: OCP rejoint l\u2019ESPP"},"content":{"rendered":"<div>\n<div class=\"field field-name-body field-type-text-with-summary field-label-hidden\">\n<div class=\"field-items\">\n<div class=\"field-item even\" property=\"content:encoded\">\n<p class=\"rtejustify\">\u00a0Le Groupe OCP, leader mondial de l\u2019industrie du phosphate, int\u00e8gre l\u2019ESPP (European Sustainable Phosphorus Platform) pour la promotion de la gestion durable du phosphore. L\u2019entr\u00e9e au sein de l\u2019ESPP permettra au groupe de partager son expertise et ses bonnes pratiques avec plus de 40 membres de l\u2019ESPP ainsi que son vaste r\u00e9seau de chercheurs et d\u2019acteurs industriels couvrant l\u2019ensemble de la cha\u00eene de valeur du phosphate et du phosphore. Objectif: r\u00e9fl\u00e9chir ensemble \u00e0 de nouveaux moyens innovants d\u2019utiliser cette ressource de mani\u00e8re optimale.<\/p>\n<\/div>\n<\/div>\n<\/div>\n<\/div>\n<p>Auteur: hgueye<br \/>\n<a href=\"https:\/\/www.leconomiste.com\/flash-infos\/gestion-durable-du-phosphore-ocp-rejoint-l-espp\">Cliquez ici pour lire l&rsquo;article depuis sa source.<\/a><\/p>\n","protected":false},"excerpt":{"rendered":"<p>\u00a0Le Groupe OCP, leader mondial de l\u2019industrie du phosphate, int\u00e8gre l\u2019ESPP (European Sustainable Phosphorus Platform) pour la promotion de la gestion durable du phosphore. L\u2019entr\u00e9e au sein de l\u2019ESPP permettra au groupe de partager son expertise et ses bonnes pratiques avec plus de 40 membres de l\u2019ESPP ainsi que son vaste r\u00e9seau de chercheurs et [&hellip;]<\/p>\n","protected":false},"author":1763,"featured_media":0,"comment_status":"closed","ping_status":"closed","sticky":false,"template":"","format":"standard","meta":{"fifu_image_url":"","fifu_image_alt":"","footnotes":""},"categories":[78,54],"tags":[],"class_list":["post-121153","post","type-post","status-publish","format-standard","hentry","category-economie","category-maroc"],"_links":{"self":[{"href":"https:\/\/linitiative.ca\/International\/wp-json\/wp\/v2\/posts\/121153","targetHints":{"allow":["GET"]}}],"collection":[{"href":"https:\/\/linitiative.ca\/International\/wp-json\/wp\/v2\/posts"}],"about":[{"href":"https:\/\/linitiative.ca\/International\/wp-json\/wp\/v2\/types\/post"}],"author":[{"embeddable":true,"href":"https:\/\/linitiative.ca\/International\/wp-json\/wp\/v2\/users\/1763"}],"replies":[{"embeddable":true,"href":"https:\/\/linitiative.ca\/International\/wp-json\/wp\/v2\/comments?post=121153"}],"version-history":[{"count":0,"href":"https:\/\/linitiative.ca\/International\/wp-json\/wp\/v2\/posts\/121153\/revisions"}],"wp:attachment":[{"href":"https:\/\/linitiative.ca\/International\/wp-json\/wp\/v2\/media?parent=121153"}],"wp:term":[{"taxonomy":"category","embeddable":true,"href":"https:\/\/linitiative.ca\/International\/wp-json\/wp\/v2\/categories?post=121153"},{"taxonomy":"post_tag","embeddable":true,"href":"https:\/\/linitiative.ca\/International\/wp-json\/wp\/v2\/tags?post=121153"}],"curies":[{"name":"wp","href":"https:\/\/api.w.org\/{rel}","templated":true}]}}