{"id":121154,"date":"2021-07-12T11:10:45","date_gmt":"2021-07-12T15:10:45","guid":{"rendered":"https:\/\/linitiative.ca\/International\/covid19-le-nombre-de-nouveaux-cas-en-baisse-hausse-des-deces-quotidiens\/"},"modified":"2021-07-12T11:10:45","modified_gmt":"2021-07-12T15:10:45","slug":"covid19-le-nombre-de-nouveaux-cas-en-baisse-hausse-des-deces-quotidiens","status":"publish","type":"post","link":"https:\/\/linitiative.ca\/International\/covid19-le-nombre-de-nouveaux-cas-en-baisse-hausse-des-deces-quotidiens\/","title":{"rendered":"Covid19: Le nombre de nouveaux cas en baisse, hausse des d\u00e9c\u00e8s quotidiens"},"content":{"rendered":"<div>\n<div class=\"field field-name-body field-type-text-with-summary field-label-hidden\">\n<div class=\"field-items\">\n<div class=\"field-item even\" property=\"content:encoded\">\n<p>Quelque <strong>657<\/strong> nouveaux cas d&rsquo;infection au coronavirus (Covid-19) et 460 gu\u00e9risons ont \u00e9t\u00e9 enregistr\u00e9s au Maroc au cours des derni\u00e8res 24 heures, selon le nouveau bilan du\u00a0minist\u00e8re de la Sant\u00e9. Il s&rsquo;agit d&rsquo;une baisse compar\u00e9 au bilan de ces derniers jours. Le nombre de primo-vaccin\u00e9s atteint <strong>10.552.219<\/strong>, alors que celui des personnes compl\u00e8tement vaccin\u00e9es (1\u00e8re et 2\u00e8me doses) s&rsquo;\u00e9l\u00e8ve \u00e0 <strong>9.310.662<\/strong>, pr\u00e9cise le minist\u00e8re dans son bulletin quotidien sur la situation de la Covid-19.<\/p>\n<\/div>\n<\/div>\n<\/div>\n<\/div>\n<p>Auteur: hgueye<br \/>\n<a href=\"https:\/\/www.leconomiste.com\/flash-infos\/covid19-le-nombre-de-nouveaux-cas-en-baisse-le-nombre-de-deces-quotidiens-en-hausse\">Cliquez ici pour lire l&rsquo;article depuis sa source.<\/a><\/p>\n","protected":false},"excerpt":{"rendered":"<p>Quelque 657 nouveaux cas d&rsquo;infection au coronavirus (Covid-19) et 460 gu\u00e9risons ont \u00e9t\u00e9 enregistr\u00e9s au Maroc au cours des derni\u00e8res 24 heures, selon le nouveau bilan du\u00a0minist\u00e8re de la Sant\u00e9. Il s&rsquo;agit d&rsquo;une baisse compar\u00e9 au bilan de ces derniers jours. Le nombre de primo-vaccin\u00e9s atteint 10.552.219, alors que celui des personnes compl\u00e8tement vaccin\u00e9es (1\u00e8re [&hellip;]<\/p>\n","protected":false},"author":1763,"featured_media":0,"comment_status":"closed","ping_status":"closed","sticky":false,"template":"","format":"standard","meta":{"fifu_image_url":"","fifu_image_alt":"","footnotes":""},"categories":[78,54],"tags":[],"class_list":["post-121154","post","type-post","status-publish","format-standard","hentry","category-economie","category-maroc"],"_links":{"self":[{"href":"https:\/\/linitiative.ca\/International\/wp-json\/wp\/v2\/posts\/121154","targetHints":{"allow":["GET"]}}],"collection":[{"href":"https:\/\/linitiative.ca\/International\/wp-json\/wp\/v2\/posts"}],"about":[{"href":"https:\/\/linitiative.ca\/International\/wp-json\/wp\/v2\/types\/post"}],"author":[{"embeddable":true,"href":"https:\/\/linitiative.ca\/International\/wp-json\/wp\/v2\/users\/1763"}],"replies":[{"embeddable":true,"href":"https:\/\/linitiative.ca\/International\/wp-json\/wp\/v2\/comments?post=121154"}],"version-history":[{"count":0,"href":"https:\/\/linitiative.ca\/International\/wp-json\/wp\/v2\/posts\/121154\/revisions"}],"wp:attachment":[{"href":"https:\/\/linitiative.ca\/International\/wp-json\/wp\/v2\/media?parent=121154"}],"wp:term":[{"taxonomy":"category","embeddable":true,"href":"https:\/\/linitiative.ca\/International\/wp-json\/wp\/v2\/categories?post=121154"},{"taxonomy":"post_tag","embeddable":true,"href":"https:\/\/linitiative.ca\/International\/wp-json\/wp\/v2\/tags?post=121154"}],"curies":[{"name":"wp","href":"https:\/\/api.w.org\/{rel}","templated":true}]}}