{"id":121156,"date":"2021-07-12T12:01:30","date_gmt":"2021-07-12T16:01:30","guid":{"rendered":"https:\/\/linitiative.ca\/International\/covid-ladministration-penitentiaire-suspend-les-visites-familiales\/"},"modified":"2021-07-12T12:01:30","modified_gmt":"2021-07-12T16:01:30","slug":"covid-ladministration-penitentiaire-suspend-les-visites-familiales","status":"publish","type":"post","link":"https:\/\/linitiative.ca\/International\/covid-ladministration-penitentiaire-suspend-les-visites-familiales\/","title":{"rendered":"Covid: L&rsquo;administration p\u00e9nitentiaire suspend les visites familiales"},"content":{"rendered":"<div>\n<div class=\"field field-name-body field-type-text-with-summary field-label-hidden\">\n<div class=\"field-items\">\n<div class=\"field-item even\" property=\"content:encoded\">\n<p class=\"rtejustify\">L&rsquo;Administration p\u00e9nitentiaire (DGAPR) a d\u00e9cid\u00e9 de suspendre les visites familiales \u00e0 partir du 19 juillet prochain, et ce, a jusqu&rsquo;\u00e0 nouvel ordre. Cette d\u00e9cision a \u00e9t\u00e9 prise pour \u00ab\u00a0pr\u00e9server la sant\u00e9 des d\u00e9tenus, des fonctionnaires et des visiteurs\u00a0\u00bb, indique la DGAPR.<\/p>\n<\/div>\n<\/div>\n<\/div>\n<\/div>\n<p>Auteur: hgueye<br \/>\n<a href=\"https:\/\/www.leconomiste.com\/flash-infos\/covid-l-administration-penitentiaire-suspend-les-visites-familiales\">Cliquez ici pour lire l&rsquo;article depuis sa source.<\/a><\/p>\n","protected":false},"excerpt":{"rendered":"<p>L&rsquo;Administration p\u00e9nitentiaire (DGAPR) a d\u00e9cid\u00e9 de suspendre les visites familiales \u00e0 partir du 19 juillet prochain, et ce, a jusqu&rsquo;\u00e0 nouvel ordre. Cette d\u00e9cision a \u00e9t\u00e9 prise pour \u00ab\u00a0pr\u00e9server la sant\u00e9 des d\u00e9tenus, des fonctionnaires et des visiteurs\u00a0\u00bb, indique la DGAPR. Auteur: hgueye Cliquez ici pour lire l&rsquo;article depuis sa source.<\/p>\n","protected":false},"author":1763,"featured_media":0,"comment_status":"closed","ping_status":"closed","sticky":false,"template":"","format":"standard","meta":{"fifu_image_url":"","fifu_image_alt":"","footnotes":""},"categories":[78,54],"tags":[],"class_list":["post-121156","post","type-post","status-publish","format-standard","hentry","category-economie","category-maroc"],"_links":{"self":[{"href":"https:\/\/linitiative.ca\/International\/wp-json\/wp\/v2\/posts\/121156","targetHints":{"allow":["GET"]}}],"collection":[{"href":"https:\/\/linitiative.ca\/International\/wp-json\/wp\/v2\/posts"}],"about":[{"href":"https:\/\/linitiative.ca\/International\/wp-json\/wp\/v2\/types\/post"}],"author":[{"embeddable":true,"href":"https:\/\/linitiative.ca\/International\/wp-json\/wp\/v2\/users\/1763"}],"replies":[{"embeddable":true,"href":"https:\/\/linitiative.ca\/International\/wp-json\/wp\/v2\/comments?post=121156"}],"version-history":[{"count":0,"href":"https:\/\/linitiative.ca\/International\/wp-json\/wp\/v2\/posts\/121156\/revisions"}],"wp:attachment":[{"href":"https:\/\/linitiative.ca\/International\/wp-json\/wp\/v2\/media?parent=121156"}],"wp:term":[{"taxonomy":"category","embeddable":true,"href":"https:\/\/linitiative.ca\/International\/wp-json\/wp\/v2\/categories?post=121156"},{"taxonomy":"post_tag","embeddable":true,"href":"https:\/\/linitiative.ca\/International\/wp-json\/wp\/v2\/tags?post=121156"}],"curies":[{"name":"wp","href":"https:\/\/api.w.org\/{rel}","templated":true}]}}