{"id":121157,"date":"2021-07-12T12:09:31","date_gmt":"2021-07-12T16:09:31","guid":{"rendered":"https:\/\/linitiative.ca\/International\/voitures-electriques-une-ligne-de-production-de-bornes-de-recharge-lancee-a-benguerir\/"},"modified":"2021-07-12T12:09:31","modified_gmt":"2021-07-12T16:09:31","slug":"voitures-electriques-une-ligne-de-production-de-bornes-de-recharge-lancee-a-benguerir","status":"publish","type":"post","link":"https:\/\/linitiative.ca\/International\/voitures-electriques-une-ligne-de-production-de-bornes-de-recharge-lancee-a-benguerir\/","title":{"rendered":"Voitures \u00e9lectriques: Une ligne de production de bornes de recharge lanc\u00e9e \u00e0 Bengu\u00e9rir"},"content":{"rendered":"<div>\n<div class=\"field field-name-body field-type-text-with-summary field-label-hidden\">\n<div class=\"field-items\">\n<div class=\"field-item even\" property=\"content:encoded\">\n<p class=\"rtejustify\">Une ligne de production de bornes de recharge pour v\u00e9hicules \u00e9lectriques, 100% r\u00e9alis\u00e9es par des comp\u00e9tences marocaines, a \u00e9t\u00e9 lanc\u00e9e \u00e0 Bengu\u00e9rir. L&rsquo;inauguration de ce site a eu lieu ce lundi en pr\u00e9sence notamment, d\u2019acteurs \u00e9conomiques et d&rsquo;industriels nationaux ainsi que des diplomates \u00e9trangers.<\/p>\n<\/div>\n<\/div>\n<\/div>\n<\/div>\n<p>Auteur: hgueye<br \/>\n<a href=\"https:\/\/www.leconomiste.com\/flash-infos\/voitures-electriques-une-ligne-de-production-de-bornes-de-recharge-lancee-benguerir\">Cliquez ici pour lire l&rsquo;article depuis sa source.<\/a><\/p>\n","protected":false},"excerpt":{"rendered":"<p>Une ligne de production de bornes de recharge pour v\u00e9hicules \u00e9lectriques, 100% r\u00e9alis\u00e9es par des comp\u00e9tences marocaines, a \u00e9t\u00e9 lanc\u00e9e \u00e0 Bengu\u00e9rir. L&rsquo;inauguration de ce site a eu lieu ce lundi en pr\u00e9sence notamment, d\u2019acteurs \u00e9conomiques et d&rsquo;industriels nationaux ainsi que des diplomates \u00e9trangers. Auteur: hgueye Cliquez ici pour lire l&rsquo;article depuis sa source.<\/p>\n","protected":false},"author":1763,"featured_media":0,"comment_status":"closed","ping_status":"closed","sticky":false,"template":"","format":"standard","meta":{"fifu_image_url":"","fifu_image_alt":"","footnotes":""},"categories":[78,54],"tags":[],"class_list":["post-121157","post","type-post","status-publish","format-standard","hentry","category-economie","category-maroc"],"_links":{"self":[{"href":"https:\/\/linitiative.ca\/International\/wp-json\/wp\/v2\/posts\/121157","targetHints":{"allow":["GET"]}}],"collection":[{"href":"https:\/\/linitiative.ca\/International\/wp-json\/wp\/v2\/posts"}],"about":[{"href":"https:\/\/linitiative.ca\/International\/wp-json\/wp\/v2\/types\/post"}],"author":[{"embeddable":true,"href":"https:\/\/linitiative.ca\/International\/wp-json\/wp\/v2\/users\/1763"}],"replies":[{"embeddable":true,"href":"https:\/\/linitiative.ca\/International\/wp-json\/wp\/v2\/comments?post=121157"}],"version-history":[{"count":0,"href":"https:\/\/linitiative.ca\/International\/wp-json\/wp\/v2\/posts\/121157\/revisions"}],"wp:attachment":[{"href":"https:\/\/linitiative.ca\/International\/wp-json\/wp\/v2\/media?parent=121157"}],"wp:term":[{"taxonomy":"category","embeddable":true,"href":"https:\/\/linitiative.ca\/International\/wp-json\/wp\/v2\/categories?post=121157"},{"taxonomy":"post_tag","embeddable":true,"href":"https:\/\/linitiative.ca\/International\/wp-json\/wp\/v2\/tags?post=121157"}],"curies":[{"name":"wp","href":"https:\/\/api.w.org\/{rel}","templated":true}]}}