{"id":121163,"date":"2021-07-12T05:44:09","date_gmt":"2021-07-12T09:44:09","guid":{"rendered":"https:\/\/linitiative.ca\/International\/accidents-de-la-circulation-une-tendance-haussiere-depuis-5-mois\/"},"modified":"2021-07-12T05:44:09","modified_gmt":"2021-07-12T09:44:09","slug":"accidents-de-la-circulation-une-tendance-haussiere-depuis-5-mois","status":"publish","type":"post","link":"https:\/\/linitiative.ca\/International\/accidents-de-la-circulation-une-tendance-haussiere-depuis-5-mois\/","title":{"rendered":"Accidents de la circulation : Une tendance haussi\u00e8re depuis 5 mois"},"content":{"rendered":"<div>\n<div class=\"sriret\"><img loading=\"lazy\" decoding=\"async\" width=\"800\" height=\"535\" src=\"https:\/\/linitiative.ca\/International\/wp-content\/uploads\/sites\/23\/2021\/07\/Sans-titre-1-230.gif\" class=\"attachment-featured_large size-featured_large wp-post-image\" alt=\"Accidents de la circulation : Les nouveaux titulaires du permis mis en cause\" style=\"margin-bottom: 15px;\"><\/div>\n<p class=\"p4\"><span class=\"s2\"><b>Terrible\u00a0! Juste apr\u00e8s Constantine et Bordj Badji Mokhtar, un nouveau drame routier secoue la vall\u00e9e du M\u2019zab. Un nouveau bilan vient confirmer une tendance haussi\u00e8re relev\u00e9e depuis 5 mois.<\/b><\/span><\/p>\n<p class=\"p4\"><span class=\"s1\"><b>D<\/b><\/span><span class=\"s1\">ans la nuit de samedi \u00e0 dimanche, 9 personnes ont perdu la vie et 32 autres ont \u00e9t\u00e9 bless\u00e9es \u00e0 divers degr\u00e9s dans un accident de la circulation survenu \u00e0 quelques encablures de l\u2019entr\u00e9e de la ville de Gharda\u00efa, plus exactement sur le tron\u00e7on de la route de contournement de la vall\u00e9e du M\u2019zab, sur la RN1.<\/span><\/p>\n<p class=\"p4\"><span class=\"s1\">Selon les d\u00e9tails fournis par la Protection civile, il s\u2019agirait d\u2019une collision entre un bus de transport de voyageurs desservant la ligne El M\u00e9n\u00e9a-Alger et un camion transportant de la past\u00e8que. Les corps des victimes et les bless\u00e9s ont \u00e9t\u00e9 achemin\u00e9s vers les services de l\u2019h\u00f4pital le plus proche. Les services de la Gendarmerie nationale ont lanc\u00e9 leur enqu\u00eate afin d\u2019identifier les v\u00e9ritables causes et responsables de cette nouvelle trag\u00e9die.<\/span><\/p>\n<p class=\"p4\"><span class=\"s1\">La veille, soit vendredi soir, un tragique accident de la circulation a eu lieu \u00e0 Oued Ouarzeg, dans la commune de Beni H\u2019midene sur la RN27 reliant les wilayas de Constantine et Jijel, faisant 18 morts (11 femmes, 6 enfants et un homme) et 11 bless\u00e9s.<\/span><\/p>\n<p class=\"p4\"><span class=\"s1\">Avec la pr\u00e9sence de 5 bless\u00e9s graves et dans une situation critique, le chiffre des d\u00e9c\u00e8s a vite augment\u00e9 pour atteindre le nombre de 19, une fillette de 8 ans ayant rendu l\u2019\u00e2me.<\/span><\/p>\n<p class=\"p4\"><span class=\"s1\">Dans la m\u00eame journ\u00e9e, \u00e0 Bordj Badji Mokhtar, une collision entre un v\u00e9hicule 4\u00d74 et un camion a fait 9 morts et plusieurs bless\u00e9s.<\/span><\/p>\n<p class=\"p4\"><span class=\"s1\">Ce n\u2019est pas tout, puisqu\u2019au moment o\u00f9 nous mettons sous presse, un bus de transport de voyageurs est tomb\u00e9 dans un ravin \u00e0 A\u00efn T\u00e9mouchent, faisant 12 bless\u00e9s. L\u2019accident s\u2019est produit lorsque le conducteur a perdu le contr\u00f4le du bus, qui s\u2019est renvers\u00e9 et a chut\u00e9 dans un ravin au niveau du CW23, sur le tron\u00e7on reliant la commune de Bouezdjar \u00e0 la plage de Madagh.<\/span><\/p>\n<p class=\"p4\"><span class=\"s1\">Les bless\u00e9s du bus sont des touristes venus de la wilaya de Annaba, dans le cadre d\u2019une excursion de d\u00e9tente aux plages des wilayas d\u2019Oran et de A\u00efn T\u00e9mouchent. Il faut savoir que ce tron\u00e7on est r\u00e9put\u00e9 dangereux, \u00e9tant donn\u00e9 qu\u2019il est constitu\u00e9 de multiples virages et passages \u00e9troits. <\/span><\/p>\n<p class=\"p8\"><strong><span class=\"s1\">Un drame continu<\/span><\/strong><\/p>\n<p class=\"p7\"><span class=\"s1\">Il faut savoir qu\u2019en<b> <\/b>l\u2019espace de 48\u00a0heures, le bilan est extr\u00eamement lourd. La Gendarmerie nationale d\u00e9voile la survenue de 55 accidents faisant 47 morts et 93 bless\u00e9s.<\/span><\/p>\n<p class=\"p7\"><span class=\"s1\">La m\u00eame structure fait part de chiffres hebdomadaires gla\u00e7ants. Durant cette derni\u00e8re semaine, selon le bilan arr\u00eat\u00e9 hier \u00e0 8h, les gendarmes ont comptabilis\u00e9 164 accidents, 64 d\u00e9c\u00e8s et 312 bless\u00e9s. <i>\u00abLa tendance haussi\u00e8re est constat\u00e9e depuis 5 mois d\u00e9j\u00e0. Notre constat est effroyable. Depuis le d\u00e9but de l\u2019ann\u00e9e, nous avons recens\u00e9 2829 accidents, 1007 d\u00e9c\u00e8s et 4498 bless\u00e9s. Comparativement \u00e0 la m\u00eame p\u00e9riode de l\u2019ann\u00e9e pass\u00e9e, nous \u00e9tions \u00e0 2170 accidents, 838 d\u00e9c\u00e8s et 3375 bless\u00e9s. Il est vrai que l\u2019accalmie de l\u2019an pass\u00e9 est due aux mesures de confinement interdisant les d\u00e9placements, notamment interwilayas, mais la situation actuelle invite \u00e0 la plus haute vigilance, notamment des usagers de la route\u00bb<\/i>, souligne le capitaine Wail Bounab, \u00e9l\u00e9ment du service de communication au groupement de la Gendarmerie nationale.<\/span><\/p>\n<p class=\"p7\"><span class=\"s1\">Sur les causes, notre interlocuteur d\u00e9voile que 85,15% des accidents sont li\u00e9s au facteur humain, tel que les exc\u00e8s de vitesse, les d\u00e9passements dangereux et le non-respect du code de la route. \u00ab<i>Les pi\u00e9tons sont la cause de 8,27% des accidents. Viennent ensuite la situation de la route et de l\u2019environnement avec 2,90% et l\u2019\u00e9tat des v\u00e9hicules avec 3,68%\u00bb<\/i>, ajoute notre interlocuteur.<\/span><\/p>\n<p class=\"p7\"><span class=\"s1\">De son c\u00f4t\u00e9, la Protection civile, premier intervenant dans les accidents de la route, comptabilise 11 morts et 300 bless\u00e9s dans plusieurs accidents de la circulation survenus ces derni\u00e8res 24 heures \u00e0 travers plusieurs wilayas du pays. Le bilan le plus lourd est celui de la wilaya de Gharda\u00efa, avec 9 morts et 50 bless\u00e9s.<\/span><\/p>\n<p class=\"p7\"><strong><span class=\"s1\">Un co\u00fbt \u00e9norme sur toute la ligne<\/span><\/strong><\/p>\n<p class=\"p7\"><span class=\"s1\">En plus de ces pertes humaines et des s\u00e9quelles physiques et surtout morales, les accidents de la route co\u00fbtent cher au Tr\u00e9sor public. Selon les derni\u00e8res estimations, le co\u00fbt moyen annuel de ces sinistres routiers est \u00e9valu\u00e9 \u00e0 plus d\u2019un milliard d\u2019euros annuellement. Malgr\u00e9 le nombre important de dispositifs mis en place, le probl\u00e8me persiste.<\/span><\/p>\n<p class=\"p7\"><span class=\"s1\">L\u2019h\u00e9catombe continue avec 25\u00a0000 accidents et entre 3000 et 4000 morts annuellement. Le placement de mouchards dans les camions et l\u2019obligation d\u2019avoir un co-chauffeur demand\u00e9s \u00e0 chaque fois lors des rencontres li\u00e9es \u00e0 la s\u00e9curit\u00e9 routi\u00e8re tardent \u00e0 \u00eatre appliqu\u00e9s. En plus de la vigilance extr\u00eame demand\u00e9e, la prise au s\u00e9rieux de ce ph\u00e9nom\u00e8ne, notamment celui impliquant les v\u00e9hicules de transport de voyageurs et les poids lourds, s\u2019av\u00e8re une urgence. <\/span><\/p>\n<p class=\"p9\">\n<p>L\u2019article <a rel=\"nofollow\" href=\"https:\/\/www.elwatan.com\/edition\/actualite\/une-tendance-haussiere-depuis-5-mois-12-07-2021\">Accidents de la circulation : Une tendance haussi\u00e8re depuis 5 mois<\/a> est apparu en premier sur <a rel=\"nofollow\" href=\"https:\/\/www.elwatan.com\/\">El Watan<\/a>.<\/p>\n<\/div>\n<p>Auteur: Anis Khecheba<br \/>\n<a href=\"https:\/\/www.elwatan.com\/edition\/actualite\/une-tendance-haussiere-depuis-5-mois-12-07-2021\">Cliquez ici pour lire l&rsquo;article depuis sa source.<\/a><\/p>\n","protected":false},"excerpt":{"rendered":"<p>Terrible\u00a0! Juste apr\u00e8s Constantine et Bordj Badji Mokhtar, un nouveau drame routier secoue la vall\u00e9e du M\u2019zab. Un nouveau bilan vient confirmer une tendance haussi\u00e8re relev\u00e9e depuis 5 mois. Dans la nuit de samedi \u00e0 dimanche, 9 personnes ont perdu la vie et 32 autres ont \u00e9t\u00e9 bless\u00e9es \u00e0 divers degr\u00e9s dans un accident de [&hellip;]<\/p>\n","protected":false},"author":1743,"featured_media":0,"comment_status":"closed","ping_status":"closed","sticky":false,"template":"","format":"standard","meta":{"fifu_image_url":"https:\/\/www.elwatan.com\/wp-content\/uploads\/2019\/07\/Sans-titre-1-230.gif","fifu_image_alt":"Accidents de la circulation : Une tendance haussi\u00e8re depuis 5 mois","footnotes":""},"categories":[73,53],"tags":[],"class_list":["post-121163","post","type-post","status-publish","format-standard","hentry","category-actualite","category-algerie"],"_links":{"self":[{"href":"https:\/\/linitiative.ca\/International\/wp-json\/wp\/v2\/posts\/121163","targetHints":{"allow":["GET"]}}],"collection":[{"href":"https:\/\/linitiative.ca\/International\/wp-json\/wp\/v2\/posts"}],"about":[{"href":"https:\/\/linitiative.ca\/International\/wp-json\/wp\/v2\/types\/post"}],"author":[{"embeddable":true,"href":"https:\/\/linitiative.ca\/International\/wp-json\/wp\/v2\/users\/1743"}],"replies":[{"embeddable":true,"href":"https:\/\/linitiative.ca\/International\/wp-json\/wp\/v2\/comments?post=121163"}],"version-history":[{"count":0,"href":"https:\/\/linitiative.ca\/International\/wp-json\/wp\/v2\/posts\/121163\/revisions"}],"wp:attachment":[{"href":"https:\/\/linitiative.ca\/International\/wp-json\/wp\/v2\/media?parent=121163"}],"wp:term":[{"taxonomy":"category","embeddable":true,"href":"https:\/\/linitiative.ca\/International\/wp-json\/wp\/v2\/categories?post=121163"},{"taxonomy":"post_tag","embeddable":true,"href":"https:\/\/linitiative.ca\/International\/wp-json\/wp\/v2\/tags?post=121163"}],"curies":[{"name":"wp","href":"https:\/\/api.w.org\/{rel}","templated":true}]}}