{"id":121167,"date":"2021-07-12T05:48:56","date_gmt":"2021-07-12T09:48:56","guid":{"rendered":"https:\/\/linitiative.ca\/International\/un-hirak-contre-le-feu\/"},"modified":"2021-07-12T05:48:56","modified_gmt":"2021-07-12T09:48:56","slug":"un-hirak-contre-le-feu","status":"publish","type":"post","link":"https:\/\/linitiative.ca\/International\/un-hirak-contre-le-feu\/","title":{"rendered":"Un hirak contre le feu"},"content":{"rendered":"<div>\n<div class=\"sriret\"><img loading=\"lazy\" decoding=\"async\" width=\"720\" height=\"597\" src=\"https:\/\/linitiative.ca\/International\/wp-content\/uploads\/sites\/23\/2021\/07\/213278792_1644126229113483_931190620268285920_n-1-e1626095553832.jpg\" class=\"attachment-featured_large size-featured_large wp-post-image\" alt=\"\" style=\"margin-bottom: 15px;\" srcset=\"https:\/\/linitiative.ca\/International\/wp-content\/uploads\/sites\/23\/2021\/07\/213278792_1644126229113483_931190620268285920_n-1-e1626095553832.jpg 720w, https:\/\/www.elwatan.com\/wp-content\/uploads\/2021\/07\/213278792_1644126229113483_931190620268285920_n-1-e1626095553832-300x249.jpg 300w\" sizes=\"auto, (max-width: 720px) 100vw, 720px\"><\/div>\n<p class=\"p4\"><span class=\"s2\"><b><em>Tout a \u00e9t\u00e9 gigantesque dans les terribles incendies de for\u00eat de Khenchela. D\u2019abord une ligne de feu de 18 kilom\u00e8tres de longueur et 9 kilom\u00e8tres de largeur. Des foyers qui vont de la ville de Ka\u00efs jusqu\u2019\u00e0 celle de Bouhmama en passant par Tamza et A\u00efn Mimoun.<\/em> <\/b><\/span><\/p>\n<p class=\"p6\"><span class=\"s1\">S<\/span><span class=\"s1\">amedi 10 juillet 2021, vers 21h, sous l\u2019une des tentes du PC op\u00e9rationnel \u00e9tabli dans un terrain vague \u00e0 l\u2019entr\u00e9e de la ville de Bouhmama, dans la wilaya de Khenchela, se tient une r\u00e9union de coordination de toutes les forces engag\u00e9es dans la lutte contre le feu. Il y a l\u00e0 des g\u00e9n\u00e9raux et des officiers sup\u00e9rieurs de l\u2019arm\u00e9e ainsi que les principaux responsables nationaux des for\u00eats et de la Protection civile.<\/span><\/p>\n<p class=\"p7\"><span class=\"s1\">Les radios gr\u00e9sillent et les t\u00e9l\u00e9phones sonnent continuellement. Les nouvelles du front arrivent en flux continu. Il faut faire le point de ce qui a \u00e9t\u00e9 fait et ce qui reste \u00e0 faire. <\/span><\/p>\n<p class=\"p7\"><span class=\"s1\">En face, sur la montagne, plusieurs points lumineux trouent le manteau de la nuit qui recouvre d\u00e9sormais le paysage. Les lumi\u00e8res rouges sont celles des feux encore allum\u00e9s et les vertes celles des engins des pompiers. La bataille est encore loin d\u2019\u00eatre gagn\u00e9e. <\/span><\/p>\n<p class=\"p7\"><span class=\"s1\">Tout a \u00e9t\u00e9 gigantesque dans les terribles incendies de for\u00eat de Khenchela. D\u2019abord une ligne de feu de 18 kilom\u00e8tres de longueur et 9 kilom\u00e8tres de largeur. Des foyers qui vont de la ville de Ka\u00efs jusqu\u2019\u00e0 celle de Bouhmama en passant par Tamza et A\u00efn Mimoun.<\/span><\/p>\n<p class=\"p7\"><span class=\"s1\">Du jamais-vu tout simplement. Il faut savoir que la r\u00e9gion est dens\u00e9ment bois\u00e9e. Il s\u2019agit l\u00e0 du plus grand massif forestier de l\u2019Alg\u00e9rie. Des monts bois\u00e9s de pins d\u2019Alep, de ch\u00eanes et de c\u00e8dres nich\u00e9s sur les plus hauts sommets et qui s\u2019\u00e9tendent sur les wilayas de Batna, Biskra et Khenchela. <\/span><\/p>\n<p class=\"p7\"><span class=\"s1\">Ces for\u00eats constituent le poumon de la r\u00e9gion, mais \u00e9galement le dernier barrage vert avant le grand d\u00e9sert qui ne cesse d\u2019avancer. <\/span><\/p>\n<p class=\"p8\"><strong><span class=\"s1\">\u00abDe toute ma vie de pompier, Je n\u2019ai jamais vu une telle mobilisation\u00bb<\/span><\/strong><\/p>\n<p class=\"p7\"><span class=\"s1\">Les moyens engag\u00e9s par la Protection civile, l\u2019administration des for\u00eats et l\u2019arm\u00e9e pour lutter contre le feu sont \u00e9galement gigantesques. Des milliers de soldats, gardes forestiers et pompiers, une quinzaine de colonnes mobiles venues de toutes les wilayas du Centre, de l\u2019Est et du Sud, 3 h\u00e9licopt\u00e8res, pr\u00e8s de 90 bulldozers et engins de terrassement, sans compter les camions-citernes, les tracteurs et autres engins pouvant rendre un service.<\/span><\/p>\n<p class=\"p7\"><span class=\"s1\">Une v\u00e9ritable arm\u00e9e en campagne et une vraie guerre o\u00f9 des hommes pouvaient \u00e0 tout moment perdre la vie. Plusieurs mines datant de la Guerre de Lib\u00e9ration ou de la d\u00e9cennie noire ont d\u2019ailleurs \u00e9clat\u00e9, causant des bless\u00e9s qui se sont retrouv\u00e9s \u00e0 l\u2019h\u00f4pital.<\/span><\/p>\n<p class=\"p7\"><span class=\"s1\"><i>\u00abLa Protection civile a beaucoup gagn\u00e9 en organisation et en professionnalisme. Nous pouvons mobiliser 5000 hommes en 24 heures, m\u00eame en d\u00e9placement. Ce sont des d\u00e9tachements sp\u00e9cialis\u00e9s dans les interventions d\u2019urgence lors des grandes catastrophes\u00bb<\/i>, affirme le colonel Boualem Bourelaf, directeur g\u00e9n\u00e9ral de Protection civile. <\/span><\/p>\n<p class=\"p7\"><span class=\"s1\">Cependant, ce qui a surpris par sa force et son ampleur, ce n\u2019est ni le feu ni la puissance des moyens engag\u00e9s par l\u2019Etat, mais la d\u00e9ferlante humaine et la mobilisation citoyenne n\u00e9es spontan\u00e9ment \u00e0 mesure que les gens prenaient conscience de l\u2019ampleur du d\u00e9sastre gr\u00e2ce aux r\u00e9seaux sociaux.<\/span><\/p>\n<p class=\"p7\"><span class=\"s1\">Un hirak contre le feu. <i>\u00abDe toute ma vie de pompier, je n\u2019ai jamais vu une telle mobilisation\u00bb<\/i>, dit le colonel Bourelaf, sinc\u00e8rement admiratif de cet \u00e9lan d\u2019entraide et de solidarit\u00e9. <i>\u00abJe suis enti\u00e8rement de votre avis. C\u2019est du jamais-vu une telle mobilisation\u00bb<\/i>, acquiesce pour sa part Ali Mahmoudi, directeur g\u00e9n\u00e9ral des for\u00eats.<\/span><\/p>\n<p class=\"p7\"><span class=\"s1\">Les gens ont accouru de toutes parts, parfois d\u2019aussi loin que Oued Souf ou Constantine. Le Chaoui amoureux fou de sa terre et de son pays s\u2019est lev\u00e9 pour combattre cet ennemi f\u00e9roce et insaisissable qu\u2019est le feu. Les plus arm\u00e9s avaient une pelle entre les mains. Les autres, une simple branche arrach\u00e9e \u00e0 un arbre rescap\u00e9 et un in\u00e9puisable courage.<\/span><\/p>\n<p class=\"p7\"><span class=\"s1\"><i>\u00abIls \u00e9teignaient le feu y compris avec les bouteilles d\u2019eau qu\u2019on leur donnait pour boire\u00bb<\/i>, dit un pompier. Certains pleuraient sans retenue de voir leurs for\u00eats partir en fum\u00e9e. Et il fallait retenir d\u2019autres pour qu\u2019ils ne finissent pas asphyxi\u00e9s par la fum\u00e9e ou carbonis\u00e9s dans l\u2019enfer des tourbillons des flammes qui s\u2019\u00e9levaient tr\u00e8s haut dans le ciel. <\/span><\/p>\n<p class=\"p7\"><span class=\"s1\">Dans le village de A\u00efn Mimoun, dans un petit hangar am\u00e9nag\u00e9 en caf\u00e9 au bord de la route, Djamel et Khellil attendent pour nous accompagner dans la for\u00eat d\u2019Issoumar. De nombreux jeunes de la localit\u00e9 tenaient \u00e0 venir avec nous et la benne du camion charg\u00e9 de nous transporter est assez vaste pour transporter tout le monde.<\/span><\/p>\n<p class=\"p7\"><span class=\"s1\">Cela fait des jours et des nuits qu\u2019ils combattent le feu aux premi\u00e8res lignes dans ces for\u00eats qui ont toujours \u00e9t\u00e9 leur deuxi\u00e8me maison. Il est question de voir les d\u00e9g\u00e2ts caus\u00e9s par le feu et de rencontrer des<b> <\/b>familles qui ont presque tout perdu. Il faut quitter l\u2019asphalte et prendre une piste cahoteuse qui s\u2019enfonce dans l\u2019\u00e9paisse for\u00eat dont de vastes parties sont br\u00fbl\u00e9es. <\/span><\/p>\n<p class=\"p8\"><strong><span class=\"s1\">\u00abDes pistes qui n\u2019existent que sur papier\u00bb<\/span><\/strong><\/p>\n<p class=\"p7\"><span class=\"s1\">Avant tout, Djamel veut comprendre et conna\u00eetre les raisons de ce qu\u2019il appelle le <i>\u00abblack-out m\u00e9diatique\u00bb<\/i> autour des Aur\u00e8s. Avec des mots o\u00f9 sont m\u00eal\u00e9s col\u00e8re, incompr\u00e9hension et ressentiment, Djamel, qui est ing\u00e9nieur au ch\u00f4mage, cherche \u00e0 savoir si les m\u00e9dias, dans leur ensemble, n\u2019ont pas re\u00e7u des ordres pour ne pas \u00e9voquer la catastrophe qui se d\u00e9roule en pays chaoui.<\/span><\/p>\n<p class=\"p7\"><span class=\"s1\">Ce sentiment de col\u00e8re, on le retrouvera pratiquement chez tous ceux qui ont combattu le feu jour apr\u00e8s jour pendant plus d\u2019une semaine. <i>\u00abIls disent que ce sont les trafiquants de charbon qui sont \u00e0 l\u2019origine des incendies. C\u2019est impossible. Eux travaillent toujours \u00e0 c\u00f4t\u00e9 d\u2019un point d\u2019eau et le bois qu\u2019ils utilisent est enterr\u00e9 pour faire du charbon. Et puis, il faut savoir qu\u2019une for\u00eat r\u00e9duite en cendres ne peut plus leur servir \u00e0 grand-chose\u00bb<\/i>, dit Djamel.<\/span><\/p>\n<p class=\"p7\"><span class=\"s1\">Khellil\u00a0: <i>\u00abQuand les \u00e9l\u00e9ments de l\u2019arm\u00e9e sont arriv\u00e9s pour combattre le feu, ils avaient ramen\u00e9 des cartes et des plans pour se rep\u00e9rer dans le massif forestier. Ils \u00e9taient d\u00e9sorient\u00e9s, car la plupart des pistes sur les cartes n\u2019existent pas dans la r\u00e9alit\u00e9. M\u00eame chose pour les forages\u2026 Cela veut dire qu\u2019il y a du vol et de la corruption. Des gens ont \u00e9t\u00e9 pay\u00e9s pour quelque chose qu\u2019ils n\u2019ont jamais fait.\u00bb<\/i><\/span><\/p>\n<p class=\"p7\"><span class=\"s1\">Walid, qui poss\u00e8de une petite parcelle plant\u00e9e de pommiers et qui travaille au sein du Groupe de g\u00e9nie rural (GGR), t\u00e9moigne\u00a0: <i>\u00abNous n\u2019avons re\u00e7u aucun nouveau projet, comme les ouvertures de pistes par exemple, depuis des ann\u00e9es. Le dernier projet de nettoyage<\/i> <i>de la for\u00eat remonte \u00e0 2003. Si on avait ouvert des pistes en for\u00eat, nous n\u2019aurions pas eu cette catastrophe.\u00bb<\/i><\/span><\/p>\n<p class=\"p7\"><span class=\"s1\">Son ami intervient pour affirmer que toutes les demandes d\u2019ouverture faites par les services des for\u00eats reviennent avec l\u2019avis d\u00e9favorable des services de s\u00e9curit\u00e9 qui opposent leur veto pour des raisons de s\u00e9curit\u00e9. La boucle est donc boucl\u00e9e.<\/span><\/p>\n<div id=\"attachment_727863\" style=\"width: 810px\" class=\"wp-caption alignnone\"><img loading=\"lazy\" decoding=\"async\" class=\"wp-image-727863 \" src=\"https:\/\/linitiative.ca\/International\/wp-content\/uploads\/sites\/23\/2021\/07\/IMG_20210710_124709-1024x768-1.jpg\" alt=\"\" width=\"800\" height=\"600\" srcset=\"https:\/\/linitiative.ca\/International\/wp-content\/uploads\/sites\/23\/2021\/07\/IMG_20210710_124709-1024x768-1.jpg 1024w, https:\/\/www.elwatan.com\/wp-content\/uploads\/2021\/07\/IMG_20210710_124709-300x225.jpg 300w, https:\/\/www.elwatan.com\/wp-content\/uploads\/2021\/07\/IMG_20210710_124709-768x576.jpg 768w, https:\/\/www.elwatan.com\/wp-content\/uploads\/2021\/07\/IMG_20210710_124709-1320x990.jpg 1320w\" sizes=\"auto, (max-width: 800px) 100vw, 800px\"><\/p>\n<p class=\"wp-caption-text\">Photo : El Watan<\/p>\n<\/div>\n<p class=\"p8\"><strong><span class=\"s1\">\u00abIci, il ne reste plus que Dieu et moi\u2026\u00bb<\/span><\/strong><\/p>\n<p class=\"p7\"><span class=\"s1\"><i>\u00abIl ne reste plus que Dieu et moi ici. J\u2019ai tout perdu\u00a0: ma maison, mes arbres, mes pompes, les tuyaux d\u2019arrosage, les c\u00e2bles \u00e9lectriques, tout, tout\u2026 Heureusement que j\u2019ai pu sauver ma famille qui se trouve aujourd\u2019hui chez des parents\u00bb<\/i>, dit un jeune agriculteur d\u2019une quarantaine d\u2019ann\u00e9es.<\/span><\/p>\n<p class=\"p7\"><span class=\"s1\">Debout, au milieu des ruines fumantes et des tapis de cendres, il prom\u00e8ne un regard triste et las sur les murs noircis de sa maison et les arbres br\u00fbl\u00e9s ou jaunis sous l\u2019effet de l\u2019intense chaleur. Il contemple le r\u00e9sultat de 15 ans d\u2019efforts partis en fum\u00e9e. Depuis ce jour funeste o\u00f9 l\u2019incendie lui a tout pris, nous sommes les premiers \u00e9trangers \u00e0 lui rendre visite.<\/span><\/p>\n<p class=\"p7\"><span class=\"s1\">Deux kilom\u00e8tres plus loin, son voisin et cousin, A\u00e2mi Belkacem Harrath, qui doit avoir dans les 70 ans, est dans le m\u00eame \u00e9tat. Il a perdu plus de 1500 pommiers et tout son syst\u00e8me d\u2019arrosage au goutte-\u00e0-goutte. Des milliards de pertes sans compter le pr\u00e9judice moral. Lui-m\u00eame a \u00e9t\u00e9 sauv\u00e9 in extremis.<\/span><\/p>\n<p class=\"p7\"><span class=\"s1\">Il \u00e9tait pratiquement inconscient et intoxiqu\u00e9 par les fum\u00e9es au moment o\u00f9 on l\u2019a retrouv\u00e9. Aami Belkacem se demande comment il va rembourser tous ses cr\u00e9dits aupr\u00e8s de la banque. <i>\u00abJe demande \u00e0 l\u2019Etat d\u2019intervenir pour nous aider. Nous ne pouvons pas faire face \u00e0 ce d\u00e9sastre seuls\u00bb<\/i>, dit-il.<\/span><\/p>\n<p class=\"p7\"><span class=\"s1\">Ce qui lui fait encore mal est que personne n\u2019est venu s\u2019enqu\u00e9rir de son sort une semaine apr\u00e8s le d\u00e9sastre. <i>\u00abAvant, il y avait des postes de vigie charg\u00e9s de donner l\u2019alerte en cas d\u2019incendie dans toute la montagne, mais depuis les ann\u00e9es 1990, il n\u2019y a plus rien\u00bb,<\/i> regrette-t-il.<\/span><\/p>\n<p class=\"p7\"><span class=\"s1\">Un peu plus loin, une autre famille est dans le m\u00eame \u00e9tat. Quatre hommes et un adolescent sont assis sous un grand arbre esseul\u00e9 qui a \u00e9chapp\u00e9 aux flammes. De victimes, ces hommes se sont retrouv\u00e9s dans le box des accus\u00e9s pour incendie criminel.<\/span><\/p>\n<p class=\"p7\"><span class=\"s1\">Le propri\u00e9taire de la ferme et son fr\u00e8re ont \u00e9t\u00e9 arr\u00eat\u00e9s par les services de s\u00e9curit\u00e9 puis pr\u00e9sent\u00e9s devant le procureur. <i>\u00abEt vous pensez que je vais br\u00fbler ma terre, mes arbres, ma maison et celle de mes voisins et toute la for\u00eat pour quelques dinars ou quelques m\u00e8tres de terre\u00a0?\u00bb<\/i><b> <\/b>dit-il au procureur de la R\u00e9publique. <\/span><\/p>\n<p class=\"p7\"><span class=\"s1\">Il y a encore d\u2019autres familles plus loin, mais la fatigue, la chaleur et le manque de temps ne nous permettent pas de leur rendre visite. D\u2019autant plus que la visite que ces victimes attendent et esp\u00e8rent encore est de celle de responsables qui peuvent leur apporter aide et r\u00e9confort. <\/span><\/p>\n<p class=\"p7\"><span class=\"s1\">Au moment de quitter les lieux, des colonnes de fum\u00e9e montaient encore dans le ciel au loin. Certains feux \u00e9taient raviv\u00e9s par le vent. Sur la route, des appels t\u00e9l\u00e9phoniques nous apprenaient que d\u2019autres incendies avaient \u00e9clat\u00e9 dans des endroits qui avaient \u00e9t\u00e9 jusque-l\u00e0 \u00e9pargn\u00e9s. <\/span><\/p>\n<p class=\"p9\" style=\"text-align: right;\">Khenchela<br \/>\nde notre envoy\u00e9 sp\u00e9cial<\/p>\n<p><img loading=\"lazy\" decoding=\"async\" class=\"alignnone wp-image-727862 \" src=\"https:\/\/linitiative.ca\/International\/wp-content\/uploads\/sites\/23\/2021\/07\/IMG_20210710_122655-300x225-1.jpg\" alt=\"\" width=\"500\" height=\"375\" srcset=\"https:\/\/linitiative.ca\/International\/wp-content\/uploads\/sites\/23\/2021\/07\/IMG_20210710_122655-300x225-1.jpg 300w, https:\/\/www.elwatan.com\/wp-content\/uploads\/2021\/07\/IMG_20210710_122655-768x576.jpg 768w, https:\/\/www.elwatan.com\/wp-content\/uploads\/2021\/07\/IMG_20210710_122655-1024x768.jpg 1024w, https:\/\/www.elwatan.com\/wp-content\/uploads\/2021\/07\/IMG_20210710_122655-1320x990.jpg 1320w\" sizes=\"auto, (max-width: 500px) 100vw, 500px\"> <img loading=\"lazy\" decoding=\"async\" class=\"alignnone wp-image-727864 \" src=\"https:\/\/linitiative.ca\/International\/wp-content\/uploads\/sites\/23\/2021\/07\/IMG_20210710_130722-300x225-1.jpg\" alt=\"\" width=\"500\" height=\"375\" srcset=\"https:\/\/linitiative.ca\/International\/wp-content\/uploads\/sites\/23\/2021\/07\/IMG_20210710_130722-300x225-1.jpg 300w, https:\/\/www.elwatan.com\/wp-content\/uploads\/2021\/07\/IMG_20210710_130722-768x576.jpg 768w, https:\/\/www.elwatan.com\/wp-content\/uploads\/2021\/07\/IMG_20210710_130722-1024x768.jpg 1024w, https:\/\/www.elwatan.com\/wp-content\/uploads\/2021\/07\/IMG_20210710_130722-1320x990.jpg 1320w\" sizes=\"auto, (max-width: 500px) 100vw, 500px\"><\/p>\n<div id=\"attachment_727861\" style=\"width: 510px\" class=\"wp-caption alignnone\"><img loading=\"lazy\" decoding=\"async\" class=\"wp-image-727861 \" src=\"https:\/\/linitiative.ca\/International\/wp-content\/uploads\/sites\/23\/2021\/07\/213357621_789165578372430_2512005222952310964_n.jpg\" alt=\"\" width=\"500\" height=\"666\" srcset=\"https:\/\/linitiative.ca\/International\/wp-content\/uploads\/sites\/23\/2021\/07\/213357621_789165578372430_2512005222952310964_n.jpg 720w, https:\/\/www.elwatan.com\/wp-content\/uploads\/2021\/07\/213357621_789165578372430_2512005222952310964_n-225x300.jpg 225w\" sizes=\"auto, (max-width: 500px) 100vw, 500px\"><\/p>\n<p class=\"wp-caption-text\">Photos : EL Watan<\/p>\n<\/div>\n<p>L\u2019article <a rel=\"nofollow\" href=\"https:\/\/www.elwatan.com\/edition\/actualite\/un-hirak-contre-le-feu-12-07-2021\">Un hirak contre le feu<\/a> est apparu en premier sur <a rel=\"nofollow\" href=\"https:\/\/www.elwatan.com\/\">El Watan<\/a>.<\/p>\n<\/div>\n<p>Auteur: Anis Khecheba<br \/>\n<a href=\"https:\/\/www.elwatan.com\/edition\/actualite\/un-hirak-contre-le-feu-12-07-2021\">Cliquez ici pour lire l&rsquo;article depuis sa source.<\/a><\/p>\n","protected":false},"excerpt":{"rendered":"<p>Tout a \u00e9t\u00e9 gigantesque dans les terribles incendies de for\u00eat de Khenchela. D\u2019abord une ligne de feu de 18 kilom\u00e8tres de longueur et 9 kilom\u00e8tres de largeur. Des foyers qui vont de la ville de Ka\u00efs jusqu\u2019\u00e0 celle de Bouhmama en passant par Tamza et A\u00efn Mimoun. Samedi 10 juillet 2021, vers 21h, sous l\u2019une [&hellip;]<\/p>\n","protected":false},"author":1743,"featured_media":0,"comment_status":"closed","ping_status":"closed","sticky":false,"template":"","format":"standard","meta":{"fifu_image_url":"https:\/\/www.elwatan.com\/wp-content\/uploads\/2021\/07\/213278792_1644126229113483_931190620268285920_n-1-e1626095553832.jpg","fifu_image_alt":"Un hirak contre le feu","footnotes":""},"categories":[73,53],"tags":[],"class_list":["post-121167","post","type-post","status-publish","format-standard","hentry","category-actualite","category-algerie"],"_links":{"self":[{"href":"https:\/\/linitiative.ca\/International\/wp-json\/wp\/v2\/posts\/121167","targetHints":{"allow":["GET"]}}],"collection":[{"href":"https:\/\/linitiative.ca\/International\/wp-json\/wp\/v2\/posts"}],"about":[{"href":"https:\/\/linitiative.ca\/International\/wp-json\/wp\/v2\/types\/post"}],"author":[{"embeddable":true,"href":"https:\/\/linitiative.ca\/International\/wp-json\/wp\/v2\/users\/1743"}],"replies":[{"embeddable":true,"href":"https:\/\/linitiative.ca\/International\/wp-json\/wp\/v2\/comments?post=121167"}],"version-history":[{"count":0,"href":"https:\/\/linitiative.ca\/International\/wp-json\/wp\/v2\/posts\/121167\/revisions"}],"wp:attachment":[{"href":"https:\/\/linitiative.ca\/International\/wp-json\/wp\/v2\/media?parent=121167"}],"wp:term":[{"taxonomy":"category","embeddable":true,"href":"https:\/\/linitiative.ca\/International\/wp-json\/wp\/v2\/categories?post=121167"},{"taxonomy":"post_tag","embeddable":true,"href":"https:\/\/linitiative.ca\/International\/wp-json\/wp\/v2\/tags?post=121167"}],"curies":[{"name":"wp","href":"https:\/\/api.w.org\/{rel}","templated":true}]}}