{"id":121173,"date":"2021-07-12T07:33:42","date_gmt":"2021-07-12T11:33:42","guid":{"rendered":"https:\/\/linitiative.ca\/International\/deces-lhumoriste-farid-rockeur-nest-plus\/"},"modified":"2021-07-12T07:33:42","modified_gmt":"2021-07-12T11:33:42","slug":"deces-lhumoriste-farid-rockeur-nest-plus","status":"publish","type":"post","link":"https:\/\/linitiative.ca\/International\/deces-lhumoriste-farid-rockeur-nest-plus\/","title":{"rendered":"D\u00e9c\u00e8s : L\u2019humoriste Farid rockeur n\u2019est plus"},"content":{"rendered":"<div>\n<div class=\"sriret\"><img loading=\"lazy\" decoding=\"async\" width=\"474\" height=\"225\" src=\"https:\/\/linitiative.ca\/International\/wp-content\/uploads\/sites\/23\/2021\/07\/Farid-Rockeur.jpg\" class=\"attachment-featured_large size-featured_large wp-post-image\" alt=\"\" style=\"margin-bottom: 15px;\" srcset=\"https:\/\/linitiative.ca\/International\/wp-content\/uploads\/sites\/23\/2021\/07\/Farid-Rockeur.jpg 474w, https:\/\/www.elwatan.com\/wp-content\/uploads\/2021\/07\/Farid-Rockeur-300x142.jpg 300w\" sizes=\"auto, (max-width: 474px) 100vw, 474px\"><\/div>\n<p><strong><em>L\u2019humoriste et com\u00e9dien alg\u00e9rien Farid Kessaissia, plus connu sous le nom de \u00ab\u00a0Farid Rockeur\u00a0\u00bb, est d\u00e9c\u00e9d\u00e9, lundi \u00e0 Alger, d\u2019une crise cardiaque, \u00e0 l\u2019\u00e2ge de 62 ans, affirme le minist\u00e8re de la Cuture et des Arts sur sa page facebook.<\/em><\/strong><\/p>\n<p>Le d\u00e9funt a commenc\u00e9 sa carri\u00e8re artistique en 1985 \u00e0 travers le film \u00ab\u00a0Pour l\u2019amour de l\u2019Alg\u00e9rie\u00a0\u00bb et a ensuite particip\u00e9 \u00e0 plusieurs \u0153uvres comiques, qui ont connu un grand succ\u00e8s \u00e0 la t\u00e9l\u00e9vision.<\/p>\n<p>Il avait, entre autres, jou\u00e9 dans, \u00ab\u00a0Nass Mellah City\u00a0\u00bb, \u00ab\u00a0Dejm3i Family\u00a0\u00bb, \u00ab\u00a0Hadj Lakhdar\u00a0\u00bb et la s\u00e9rie \u00ab\u00a0Dar Laajeb\u00a0\u00bb. Il a \u00e9galement particip\u00e9 \u00e0 certaines \u00e9missions telles que \u00ab\u00a0Rock Dialna\u00a0\u00bb et \u00ab\u00a0Bouzenazel\u00a0\u00bb. L\u2019enterrement du d\u00e9funt aura lieu lundi 12 juillet apr\u00e8s la pri\u00e8re d\u2019El-Asr au cimeti\u00e8re Sefsafa \u00e0 Alger.<\/p>\n<p>La ministre de la Culture et des Arts, Wafa Cha\u00e2lal, a salu\u00e9, dans un message de condol\u00e9ances, la m\u00e9moire du d\u00e9funt, regrettant cette \u00ab\u00a0immense perte pour la culture alg\u00e9rienne\u00a0\u00bb.<\/p>\n<p>L\u2019article <a rel=\"nofollow\" href=\"https:\/\/www.elwatan.com\/edition\/culture\/deces-lhumoriste-farid-rockeur-nest-plus-12-07-2021\">D\u00e9c\u00e8s : L\u2019humoriste Farid rockeur n\u2019est plus<\/a> est apparu en premier sur <a rel=\"nofollow\" href=\"https:\/\/www.elwatan.com\/\">El Watan<\/a>.<\/p>\n<\/div>\n<p>Auteur: Mohand Yahiaoui<br \/>\n<a href=\"https:\/\/www.elwatan.com\/edition\/culture\/deces-lhumoriste-farid-rockeur-nest-plus-12-07-2021\">Cliquez ici pour lire l&rsquo;article depuis sa source.<\/a><\/p>\n","protected":false},"excerpt":{"rendered":"<p>L\u2019humoriste et com\u00e9dien alg\u00e9rien Farid Kessaissia, plus connu sous le nom de \u00ab\u00a0Farid Rockeur\u00a0\u00bb, est d\u00e9c\u00e9d\u00e9, lundi \u00e0 Alger, d\u2019une crise cardiaque, \u00e0 l\u2019\u00e2ge de 62 ans, affirme le minist\u00e8re de la Cuture et des Arts sur sa page facebook. Le d\u00e9funt a commenc\u00e9 sa carri\u00e8re artistique en 1985 \u00e0 travers le film \u00ab\u00a0Pour l\u2019amour [&hellip;]<\/p>\n","protected":false},"author":1743,"featured_media":0,"comment_status":"closed","ping_status":"closed","sticky":false,"template":"","format":"standard","meta":{"fifu_image_url":"https:\/\/www.elwatan.com\/wp-content\/uploads\/2021\/07\/Farid-Rockeur.jpg","fifu_image_alt":"D\u00e9c\u00e8s : L\u2019humoriste Farid rockeur n\u2019est plus","footnotes":""},"categories":[73,53],"tags":[],"class_list":["post-121173","post","type-post","status-publish","format-standard","hentry","category-actualite","category-algerie"],"_links":{"self":[{"href":"https:\/\/linitiative.ca\/International\/wp-json\/wp\/v2\/posts\/121173","targetHints":{"allow":["GET"]}}],"collection":[{"href":"https:\/\/linitiative.ca\/International\/wp-json\/wp\/v2\/posts"}],"about":[{"href":"https:\/\/linitiative.ca\/International\/wp-json\/wp\/v2\/types\/post"}],"author":[{"embeddable":true,"href":"https:\/\/linitiative.ca\/International\/wp-json\/wp\/v2\/users\/1743"}],"replies":[{"embeddable":true,"href":"https:\/\/linitiative.ca\/International\/wp-json\/wp\/v2\/comments?post=121173"}],"version-history":[{"count":0,"href":"https:\/\/linitiative.ca\/International\/wp-json\/wp\/v2\/posts\/121173\/revisions"}],"wp:attachment":[{"href":"https:\/\/linitiative.ca\/International\/wp-json\/wp\/v2\/media?parent=121173"}],"wp:term":[{"taxonomy":"category","embeddable":true,"href":"https:\/\/linitiative.ca\/International\/wp-json\/wp\/v2\/categories?post=121173"},{"taxonomy":"post_tag","embeddable":true,"href":"https:\/\/linitiative.ca\/International\/wp-json\/wp\/v2\/tags?post=121173"}],"curies":[{"name":"wp","href":"https:\/\/api.w.org\/{rel}","templated":true}]}}