{"id":121179,"date":"2021-07-12T06:59:00","date_gmt":"2021-07-12T10:59:00","guid":{"rendered":"https:\/\/linitiative.ca\/International\/les-revelations-de-mohamed-abbou-les-derniers-jours-de-fakhfakh-a-la-kasbah\/"},"modified":"2021-07-12T06:59:00","modified_gmt":"2021-07-12T10:59:00","slug":"les-revelations-de-mohamed-abbou-les-derniers-jours-de-fakhfakh-a-la-kasbah","status":"publish","type":"post","link":"https:\/\/linitiative.ca\/International\/les-revelations-de-mohamed-abbou-les-derniers-jours-de-fakhfakh-a-la-kasbah\/","title":{"rendered":"Les r\u00e9v\u00e9lations de Mohamed Abbou : Les derniers jours de Fakhfakh \u00e0 la Kasbah"},"content":{"rendered":"<div><img decoding=\"async\" src=\"https:\/\/linitiative.ca\/International\/wp-content\/uploads\/sites\/23\/2021\/07\/1626086795_article.jpg\" alt=\"Les r\u00e9v\u00e9lations de Mohamed Abbou : Les derniers jours de Fakhfakh \u00e0 la Kasbah \" align=\"left\">Dans un livre intitul\u00e9 \u00ab\u00a0A contre-courant, une exp\u00e9rience \u00e0 l\u2019int\u00e9rieur du pouvoir\u00a0\u00bb, Mohamed Abbou revient avec force d\u00e9tails sur son parcours politique, plus particuli\u00e8rement depuis 2011. Deux fois ministre aupr\u00e8s du chef du gouvernement charg\u00e9 au gr\u00e9 des fonctions de la R\u00e9forme administrative, de la Gouvernance et de la Lutte contre la malversation, en 2012 dans le gouvernement Jebali, et en 2020, dans celui de Fakhfakh, il en tire la grande frustration d\u2019un go\u00fbt d\u2019inachev\u00e9 et surtout du blocage<br \/>\nEly\u00e8s Fakhfakh tent\u00e9 de renoncer \u00e0 la Kasbah<br \/>\nAlors qu\u2019il \u00e9tait sur la derni\u00e8re ligne droite pour remettre au pr\u00e9sident la R\u00e9publique son programme et la composition de &#8230;<\/p>\n<\/div>\n<p>Auteur:<br \/>\n<a href=\"https:\/\/www.leaders.com.tn\/article\/32138-les-revelations-de-mohamed-abbou-les-derniers-jours-de-fakhfakh-a-la-kasbah\">Cliquez ici pour lire l&rsquo;article depuis sa source.<\/a><\/p>\n","protected":false},"excerpt":{"rendered":"<p>Dans un livre intitul\u00e9 \u00ab\u00a0A contre-courant, une exp\u00e9rience \u00e0 l\u2019int\u00e9rieur du pouvoir\u00a0\u00bb, Mohamed Abbou revient avec force d\u00e9tails sur son parcours politique, plus particuli\u00e8rement depuis 2011. Deux fois ministre aupr\u00e8s du chef du gouvernement charg\u00e9 au gr\u00e9 des fonctions de la R\u00e9forme administrative, de la Gouvernance et de la Lutte contre la malversation, en 2012 [&hellip;]<\/p>\n","protected":false},"author":1772,"featured_media":0,"comment_status":"closed","ping_status":"closed","sticky":false,"template":"","format":"standard","meta":{"fifu_image_url":"http:\/\/www.leaders.com.tn\/uploads\/content\/thumbnails_small\/1626086795_article.jpg","fifu_image_alt":"Les r\u00e9v\u00e9lations de Mohamed Abbou : Les derniers jours de Fakhfakh \u00e0 la Kasbah","footnotes":""},"categories":[73,55],"tags":[],"class_list":["post-121179","post","type-post","status-publish","format-standard","hentry","category-actualite","category-tunisie"],"_links":{"self":[{"href":"https:\/\/linitiative.ca\/International\/wp-json\/wp\/v2\/posts\/121179","targetHints":{"allow":["GET"]}}],"collection":[{"href":"https:\/\/linitiative.ca\/International\/wp-json\/wp\/v2\/posts"}],"about":[{"href":"https:\/\/linitiative.ca\/International\/wp-json\/wp\/v2\/types\/post"}],"author":[{"embeddable":true,"href":"https:\/\/linitiative.ca\/International\/wp-json\/wp\/v2\/users\/1772"}],"replies":[{"embeddable":true,"href":"https:\/\/linitiative.ca\/International\/wp-json\/wp\/v2\/comments?post=121179"}],"version-history":[{"count":0,"href":"https:\/\/linitiative.ca\/International\/wp-json\/wp\/v2\/posts\/121179\/revisions"}],"wp:attachment":[{"href":"https:\/\/linitiative.ca\/International\/wp-json\/wp\/v2\/media?parent=121179"}],"wp:term":[{"taxonomy":"category","embeddable":true,"href":"https:\/\/linitiative.ca\/International\/wp-json\/wp\/v2\/categories?post=121179"},{"taxonomy":"post_tag","embeddable":true,"href":"https:\/\/linitiative.ca\/International\/wp-json\/wp\/v2\/tags?post=121179"}],"curies":[{"name":"wp","href":"https:\/\/api.w.org\/{rel}","templated":true}]}}