{"id":12118,"date":"2019-02-07T15:14:42","date_gmt":"2019-02-07T20:14:42","guid":{"rendered":"https:\/\/linitiative.ca\/International\/international-uefa-nasser-al-khelaifi-elu-au-comite-executif\/"},"modified":"2019-02-07T15:14:42","modified_gmt":"2019-02-07T20:14:42","slug":"international-uefa-nasser-al-khelaifi-elu-au-comite-executif","status":"publish","type":"post","link":"https:\/\/linitiative.ca\/International\/international-uefa-nasser-al-khelaifi-elu-au-comite-executif\/","title":{"rendered":"International : UEFA: Nasser Al-Khelaifi \u00e9lu au Comit\u00e9 ex\u00e9cutif"},"content":{"rendered":"<div readability=\"32\">\n<p>Auteur : <span class=\"time\">jeudi 07 f\u00e9vrier 2019 18:46<\/span><\/p>\n<\/div>\n<div id=\"post_core\" readability=\"47\">\n<p>Le pr\u00e9sident du PSG a officiellement \u00e9t\u00e9 nomm\u00e9 au Comit\u00e9 ex\u00e9cutif de l&rsquo;UEFA ce jeudi lors du Congr\u00e8s de la Conf\u00e9d\u00e9ration, \u00e0 Rome. Il avait \u00e9t\u00e9 d\u00e9sign\u00e9 par l&rsquo;ECA fin janvier pour prendre la place de deuxi\u00e8me repr\u00e9sentant des clubs aux c\u00f4t\u00e9s du pr\u00e9sident de la Juventus, Andrea Agnelli. Une candidature qui devait encore \u00eatre ent\u00e9rin\u00e9e par le Congr\u00e8s, ce qui est d\u00e9sormais chose faite. Al-Khelaifi remplace num\u00e9riquement Ivan Gazidis, ancien directeur g\u00e9n\u00e9ral d&rsquo;Arsenal d\u00e9sormais \u00e0 l&rsquo;AC Milan et qui ne pouvait plus si\u00e9ger dans la mesure o\u00f9 les clubs italiens \u00e9taient d\u00e9j\u00e0 repr\u00e9sent\u00e9s par Agnelli. Le nom du pr\u00e9sident du PSG, dont le club est toujours vis\u00e9 par une enqu\u00eate dans le cadre du Fair Play financier, ne faisait pas l&rsquo;unanimit\u00e9. \u00ab\u00a0Sa nomination doit \u00eatre rejet\u00e9e parce qu&rsquo;elle viole toutes les r\u00e8gles de bonne gouvernance\u00a0\u00bb, avait notamment d\u00e9clar\u00e9 il y a quelques jours Javier Tebas, pr\u00e9sident de la Liga espagnole. \u00ab\u00a0Non seulement en raison du dossier (du PSG) en terme de fair-play financier, mais aussi parce que (Al-Khela\u00effi) est pr\u00e9sident de beIN Sports, l&rsquo;un des principaux d\u00e9tenteurs de droits t\u00e9l\u00e9vis\u00e9s de l&rsquo;UEFA\u00a0\u00bb rapporte Goal.<\/p>\n<p><strong>Publi\u00e9 dans :<\/strong> <span>Nasser Al-Khelaifi<\/span><\/p>\n<\/div>\n","protected":false},"excerpt":{"rendered":"<p>Auteur : jeudi 07 f\u00e9vrier 2019 18:46 Le pr\u00e9sident du PSG a officiellement \u00e9t\u00e9 nomm\u00e9 au Comit\u00e9 ex\u00e9cutif de l&rsquo;UEFA ce jeudi lors du Congr\u00e8s de la Conf\u00e9d\u00e9ration, \u00e0 Rome. Il avait \u00e9t\u00e9 d\u00e9sign\u00e9 par l&rsquo;ECA fin janvier pour prendre la place de deuxi\u00e8me repr\u00e9sentant des clubs aux c\u00f4t\u00e9s du pr\u00e9sident de la Juventus, Andrea [&hellip;]<\/p>\n","protected":false},"author":1738,"featured_media":12119,"comment_status":"closed","ping_status":"closed","sticky":false,"template":"","format":"standard","meta":{"fifu_image_url":"","fifu_image_alt":"","footnotes":""},"categories":[53,75],"tags":[],"class_list":["post-12118","post","type-post","status-publish","format-standard","has-post-thumbnail","hentry","category-algerie","category-sport"],"_links":{"self":[{"href":"https:\/\/linitiative.ca\/International\/wp-json\/wp\/v2\/posts\/12118","targetHints":{"allow":["GET"]}}],"collection":[{"href":"https:\/\/linitiative.ca\/International\/wp-json\/wp\/v2\/posts"}],"about":[{"href":"https:\/\/linitiative.ca\/International\/wp-json\/wp\/v2\/types\/post"}],"author":[{"embeddable":true,"href":"https:\/\/linitiative.ca\/International\/wp-json\/wp\/v2\/users\/1738"}],"replies":[{"embeddable":true,"href":"https:\/\/linitiative.ca\/International\/wp-json\/wp\/v2\/comments?post=12118"}],"version-history":[{"count":0,"href":"https:\/\/linitiative.ca\/International\/wp-json\/wp\/v2\/posts\/12118\/revisions"}],"wp:featuredmedia":[{"embeddable":true,"href":"https:\/\/linitiative.ca\/International\/wp-json\/"}],"wp:attachment":[{"href":"https:\/\/linitiative.ca\/International\/wp-json\/wp\/v2\/media?parent=12118"}],"wp:term":[{"taxonomy":"category","embeddable":true,"href":"https:\/\/linitiative.ca\/International\/wp-json\/wp\/v2\/categories?post=12118"},{"taxonomy":"post_tag","embeddable":true,"href":"https:\/\/linitiative.ca\/International\/wp-json\/wp\/v2\/tags?post=12118"}],"curies":[{"name":"wp","href":"https:\/\/api.w.org\/{rel}","templated":true}]}}