{"id":121181,"date":"2021-07-12T08:15:00","date_gmt":"2021-07-12T12:15:00","guid":{"rendered":"https:\/\/linitiative.ca\/International\/mohamed-salah-ben-ammar-la-bioethique-concue-comme-discipline-et-praxis\/"},"modified":"2021-07-12T08:15:00","modified_gmt":"2021-07-12T12:15:00","slug":"mohamed-salah-ben-ammar-la-bioethique-concue-comme-discipline-et-praxis","status":"publish","type":"post","link":"https:\/\/linitiative.ca\/International\/mohamed-salah-ben-ammar-la-bioethique-concue-comme-discipline-et-praxis\/","title":{"rendered":"Mohamed Salah Ben Ammar: La bio\u00e9thique con\u00e7ue comme discipline et praxis"},"content":{"rendered":"<div><img decoding=\"async\" src=\"https:\/\/linitiative.ca\/International\/wp-content\/uploads\/sites\/23\/2021\/07\/1626089066_article.jpg\" alt=\"Mohamed Salah Ben Ammar: La bio\u00e9thique con\u00e7ue comme discipline et praxis\" align=\"left\">En tant que m\u00e9decin int\u00e9ress\u00e9 par les questions d\u2019\u00e9thique, l\u2019acte de soins au sens large, ne peut qu\u2019\u00eatre une r\u00e9conciliation ou plut\u00f4t une association entre une action (m\u00e9dicale) et donc obligatoirement collective, sociale tourn\u00e9e vers l\u2019autre et vers des valeurs d\u2019essence spirituelles qui sont d\u2019ordre priv\u00e9 ou plut\u00f4t intime (le tragique de l\u2019action).<br \/>\nAujourd\u2019hui la r\u00e9flexion \u00e9thique internationale cherche \u00e0 mettre en place, (voire \u00e0 dicter), des normes et des standards internationaux de \u00abbonnes pratiques\u00bb et elle ne se contente plus de d\u00e9clarer mais s\u2019inscrit de plus en plus dans la perspective de la protection des Droits de l\u2019homme et de la &#8230;<\/p>\n<\/div>\n<p>Auteur:<br \/>\n<a href=\"https:\/\/www.leaders.com.tn\/article\/32139-mohamed-salah-ben-ammar-la-bioethique-concue-comme-discipline-et-praxis\">Cliquez ici pour lire l&rsquo;article depuis sa source.<\/a><\/p>\n","protected":false},"excerpt":{"rendered":"<p>En tant que m\u00e9decin int\u00e9ress\u00e9 par les questions d\u2019\u00e9thique, l\u2019acte de soins au sens large, ne peut qu\u2019\u00eatre une r\u00e9conciliation ou plut\u00f4t une association entre une action (m\u00e9dicale) et donc obligatoirement collective, sociale tourn\u00e9e vers l\u2019autre et vers des valeurs d\u2019essence spirituelles qui sont d\u2019ordre priv\u00e9 ou plut\u00f4t intime (le tragique de l\u2019action). Aujourd\u2019hui la [&hellip;]<\/p>\n","protected":false},"author":1772,"featured_media":0,"comment_status":"closed","ping_status":"closed","sticky":false,"template":"","format":"standard","meta":{"fifu_image_url":"http:\/\/www.leaders.com.tn\/uploads\/content\/thumbnails_small\/1626089066_article.jpg","fifu_image_alt":"Mohamed Salah Ben Ammar: La bio\u00e9thique con\u00e7ue comme discipline et praxis","footnotes":""},"categories":[73,55],"tags":[],"class_list":["post-121181","post","type-post","status-publish","format-standard","hentry","category-actualite","category-tunisie"],"_links":{"self":[{"href":"https:\/\/linitiative.ca\/International\/wp-json\/wp\/v2\/posts\/121181","targetHints":{"allow":["GET"]}}],"collection":[{"href":"https:\/\/linitiative.ca\/International\/wp-json\/wp\/v2\/posts"}],"about":[{"href":"https:\/\/linitiative.ca\/International\/wp-json\/wp\/v2\/types\/post"}],"author":[{"embeddable":true,"href":"https:\/\/linitiative.ca\/International\/wp-json\/wp\/v2\/users\/1772"}],"replies":[{"embeddable":true,"href":"https:\/\/linitiative.ca\/International\/wp-json\/wp\/v2\/comments?post=121181"}],"version-history":[{"count":0,"href":"https:\/\/linitiative.ca\/International\/wp-json\/wp\/v2\/posts\/121181\/revisions"}],"wp:attachment":[{"href":"https:\/\/linitiative.ca\/International\/wp-json\/wp\/v2\/media?parent=121181"}],"wp:term":[{"taxonomy":"category","embeddable":true,"href":"https:\/\/linitiative.ca\/International\/wp-json\/wp\/v2\/categories?post=121181"},{"taxonomy":"post_tag","embeddable":true,"href":"https:\/\/linitiative.ca\/International\/wp-json\/wp\/v2\/tags?post=121181"}],"curies":[{"name":"wp","href":"https:\/\/api.w.org\/{rel}","templated":true}]}}