{"id":121185,"date":"2021-07-12T06:00:00","date_gmt":"2021-07-12T10:00:00","guid":{"rendered":"https:\/\/linitiative.ca\/International\/des-villageois-en-colere-devant-le-siege-de-la-wilaya\/"},"modified":"2021-07-12T06:00:00","modified_gmt":"2021-07-12T10:00:00","slug":"des-villageois-en-colere-devant-le-siege-de-la-wilaya","status":"publish","type":"post","link":"https:\/\/linitiative.ca\/International\/des-villageois-en-colere-devant-le-siege-de-la-wilaya\/","title":{"rendered":"Des villageois en col\u00e8re devant le si\u00e8ge de la Wilaya"},"content":{"rendered":"<div>Des villageois d\u2019A\u00eft Atiq, relevant de la municipalit\u00e9 de Derguina, ont parcouru plusieurs dizaines de kilom\u00e8tres pour tenir un rassemblement, hier dimanche, devant le si\u00e8ge de la wilaya de B\u00e9ja\u00efa pour \u00e9ructer leur col\u00e8re face au calvaire du manque<\/div>\n<p>Auteur:<br \/>\n<a href=\"https:\/\/www.lesoirdalgerie.com\/regions\/des-villageois-en-colere-devant-le-siege-de-la-wilaya-64260\">Cliquez ici pour lire l&rsquo;article depuis sa source.<\/a><\/p>\n","protected":false},"excerpt":{"rendered":"<p>Des villageois d\u2019A\u00eft Atiq, relevant de la municipalit\u00e9 de Derguina, ont parcouru plusieurs dizaines de kilom\u00e8tres pour tenir un rassemblement, hier dimanche, devant le si\u00e8ge de la wilaya de B\u00e9ja\u00efa pour \u00e9ructer leur col\u00e8re face au calvaire du manque Auteur: Cliquez ici pour lire l&rsquo;article depuis sa source.<\/p>\n","protected":false},"author":1741,"featured_media":0,"comment_status":"closed","ping_status":"closed","sticky":false,"template":"","format":"standard","meta":{"fifu_image_url":"","fifu_image_alt":"","footnotes":""},"categories":[73,53],"tags":[],"class_list":["post-121185","post","type-post","status-publish","format-standard","hentry","category-actualite","category-algerie"],"_links":{"self":[{"href":"https:\/\/linitiative.ca\/International\/wp-json\/wp\/v2\/posts\/121185","targetHints":{"allow":["GET"]}}],"collection":[{"href":"https:\/\/linitiative.ca\/International\/wp-json\/wp\/v2\/posts"}],"about":[{"href":"https:\/\/linitiative.ca\/International\/wp-json\/wp\/v2\/types\/post"}],"author":[{"embeddable":true,"href":"https:\/\/linitiative.ca\/International\/wp-json\/wp\/v2\/users\/1741"}],"replies":[{"embeddable":true,"href":"https:\/\/linitiative.ca\/International\/wp-json\/wp\/v2\/comments?post=121185"}],"version-history":[{"count":0,"href":"https:\/\/linitiative.ca\/International\/wp-json\/wp\/v2\/posts\/121185\/revisions"}],"wp:attachment":[{"href":"https:\/\/linitiative.ca\/International\/wp-json\/wp\/v2\/media?parent=121185"}],"wp:term":[{"taxonomy":"category","embeddable":true,"href":"https:\/\/linitiative.ca\/International\/wp-json\/wp\/v2\/categories?post=121185"},{"taxonomy":"post_tag","embeddable":true,"href":"https:\/\/linitiative.ca\/International\/wp-json\/wp\/v2\/tags?post=121185"}],"curies":[{"name":"wp","href":"https:\/\/api.w.org\/{rel}","templated":true}]}}