{"id":121187,"date":"2021-07-12T06:00:00","date_gmt":"2021-07-12T10:00:00","guid":{"rendered":"https:\/\/linitiative.ca\/International\/la-session-parlementaire-cloturee-ce-jeudi\/"},"modified":"2021-07-12T06:00:00","modified_gmt":"2021-07-12T10:00:00","slug":"la-session-parlementaire-cloturee-ce-jeudi","status":"publish","type":"post","link":"https:\/\/linitiative.ca\/International\/la-session-parlementaire-cloturee-ce-jeudi\/","title":{"rendered":"La session parlementaire cl\u00f4tur\u00e9e ce jeudi"},"content":{"rendered":"<div>Report\u00e9e pour permettre l\u2019installation de la nouvelle APN, \u00e9lue le 12 juin dernier, la cl\u00f4ture de la session parlementaire annuelle aura lieu ce jeudi 15 juillet. Mais avant la cl\u00f4ture, l\u2019Assembl\u00e9e doit installer ses 12<\/div>\n<p>Auteur:<br \/>\n<a href=\"https:\/\/www.lesoirdalgerie.com\/actualites\/la-session-parlementaire-cloturee-ce-jeudi-64258\">Cliquez ici pour lire l&rsquo;article depuis sa source.<\/a><\/p>\n","protected":false},"excerpt":{"rendered":"<p>Report\u00e9e pour permettre l\u2019installation de la nouvelle APN, \u00e9lue le 12 juin dernier, la cl\u00f4ture de la session parlementaire annuelle aura lieu ce jeudi 15 juillet. Mais avant la cl\u00f4ture, l\u2019Assembl\u00e9e doit installer ses 12 Auteur: Cliquez ici pour lire l&rsquo;article depuis sa source.<\/p>\n","protected":false},"author":1741,"featured_media":0,"comment_status":"closed","ping_status":"closed","sticky":false,"template":"","format":"standard","meta":{"fifu_image_url":"","fifu_image_alt":"","footnotes":""},"categories":[73,53],"tags":[],"class_list":["post-121187","post","type-post","status-publish","format-standard","hentry","category-actualite","category-algerie"],"_links":{"self":[{"href":"https:\/\/linitiative.ca\/International\/wp-json\/wp\/v2\/posts\/121187","targetHints":{"allow":["GET"]}}],"collection":[{"href":"https:\/\/linitiative.ca\/International\/wp-json\/wp\/v2\/posts"}],"about":[{"href":"https:\/\/linitiative.ca\/International\/wp-json\/wp\/v2\/types\/post"}],"author":[{"embeddable":true,"href":"https:\/\/linitiative.ca\/International\/wp-json\/wp\/v2\/users\/1741"}],"replies":[{"embeddable":true,"href":"https:\/\/linitiative.ca\/International\/wp-json\/wp\/v2\/comments?post=121187"}],"version-history":[{"count":0,"href":"https:\/\/linitiative.ca\/International\/wp-json\/wp\/v2\/posts\/121187\/revisions"}],"wp:attachment":[{"href":"https:\/\/linitiative.ca\/International\/wp-json\/wp\/v2\/media?parent=121187"}],"wp:term":[{"taxonomy":"category","embeddable":true,"href":"https:\/\/linitiative.ca\/International\/wp-json\/wp\/v2\/categories?post=121187"},{"taxonomy":"post_tag","embeddable":true,"href":"https:\/\/linitiative.ca\/International\/wp-json\/wp\/v2\/tags?post=121187"}],"curies":[{"name":"wp","href":"https:\/\/api.w.org\/{rel}","templated":true}]}}