{"id":121188,"date":"2021-07-12T06:00:00","date_gmt":"2021-07-12T10:00:00","guid":{"rendered":"https:\/\/linitiative.ca\/International\/ce-qui-fait-courir-makri-et-djaballah\/"},"modified":"2021-07-12T06:00:00","modified_gmt":"2021-07-12T10:00:00","slug":"ce-qui-fait-courir-makri-et-djaballah","status":"publish","type":"post","link":"https:\/\/linitiative.ca\/International\/ce-qui-fait-courir-makri-et-djaballah\/","title":{"rendered":"Ce qui fait courir Makri et Djaballah"},"content":{"rendered":"<div>Tour \u00e0 tour, le pr\u00e9sident du Front pour la justice et le d\u00e9veloppement et son homologue du Mouvement de la soci\u00e9t\u00e9 pour la paix se d\u00e9couvrent une nouvelle \u00e2me de farouches opposants apr\u00e8s la d\u00e9sillusion li\u00e9e \u00e0 leurs scores \u00e0 l\u2019issue des \u00e9lections l\u00e9gislatives anticip\u00e9es du 12 juin \u00e9coul\u00e9. Abdallah Djaballah et Abderrazak Makri retrouvent<\/div>\n<p>Auteur:<br \/>\n<a href=\"https:\/\/www.lesoirdalgerie.com\/actualites\/ce-qui-fait-courir-makri-et-djaballah-64257\">Cliquez ici pour lire l&rsquo;article depuis sa source.<\/a><\/p>\n","protected":false},"excerpt":{"rendered":"<p>Tour \u00e0 tour, le pr\u00e9sident du Front pour la justice et le d\u00e9veloppement et son homologue du Mouvement de la soci\u00e9t\u00e9 pour la paix se d\u00e9couvrent une nouvelle \u00e2me de farouches opposants apr\u00e8s la d\u00e9sillusion li\u00e9e \u00e0 leurs scores \u00e0 l\u2019issue des \u00e9lections l\u00e9gislatives anticip\u00e9es du 12 juin \u00e9coul\u00e9. Abdallah Djaballah et Abderrazak Makri retrouvent [&hellip;]<\/p>\n","protected":false},"author":1741,"featured_media":0,"comment_status":"closed","ping_status":"closed","sticky":false,"template":"","format":"standard","meta":{"fifu_image_url":"","fifu_image_alt":"","footnotes":""},"categories":[73,53],"tags":[],"class_list":["post-121188","post","type-post","status-publish","format-standard","hentry","category-actualite","category-algerie"],"_links":{"self":[{"href":"https:\/\/linitiative.ca\/International\/wp-json\/wp\/v2\/posts\/121188","targetHints":{"allow":["GET"]}}],"collection":[{"href":"https:\/\/linitiative.ca\/International\/wp-json\/wp\/v2\/posts"}],"about":[{"href":"https:\/\/linitiative.ca\/International\/wp-json\/wp\/v2\/types\/post"}],"author":[{"embeddable":true,"href":"https:\/\/linitiative.ca\/International\/wp-json\/wp\/v2\/users\/1741"}],"replies":[{"embeddable":true,"href":"https:\/\/linitiative.ca\/International\/wp-json\/wp\/v2\/comments?post=121188"}],"version-history":[{"count":0,"href":"https:\/\/linitiative.ca\/International\/wp-json\/wp\/v2\/posts\/121188\/revisions"}],"wp:attachment":[{"href":"https:\/\/linitiative.ca\/International\/wp-json\/wp\/v2\/media?parent=121188"}],"wp:term":[{"taxonomy":"category","embeddable":true,"href":"https:\/\/linitiative.ca\/International\/wp-json\/wp\/v2\/categories?post=121188"},{"taxonomy":"post_tag","embeddable":true,"href":"https:\/\/linitiative.ca\/International\/wp-json\/wp\/v2\/tags?post=121188"}],"curies":[{"name":"wp","href":"https:\/\/api.w.org\/{rel}","templated":true}]}}