{"id":121194,"date":"2021-07-12T14:42:45","date_gmt":"2021-07-12T18:42:45","guid":{"rendered":"https:\/\/linitiative.ca\/International\/acces-au-territoire-marocain-nouvelle-mise-a-jour-du-ministere-de-la-sante\/"},"modified":"2021-07-12T14:42:45","modified_gmt":"2021-07-12T18:42:45","slug":"acces-au-territoire-marocain-nouvelle-mise-a-jour-du-ministere-de-la-sante","status":"publish","type":"post","link":"https:\/\/linitiative.ca\/International\/acces-au-territoire-marocain-nouvelle-mise-a-jour-du-ministere-de-la-sante\/","title":{"rendered":"Acc\u00e8s au territoire marocain. Nouvelle mise \u00e0 jour du minist\u00e8re de la Sant\u00e9"},"content":{"rendered":"<div><img decoding=\"async\" width=\"833\" height=\"474\" src=\"https:\/\/linitiative.ca\/International\/wp-content\/uploads\/sites\/23\/2021\/07\/VOYAGES.jpg\" class=\"attachment-post-thumbnail size-post-thumbnail wp-post-image\" alt=\"\" loading=\"lazy\" srcset=\"https:\/\/linitiative.ca\/International\/wp-content\/uploads\/sites\/23\/2021\/07\/VOYAGES.jpg 833w, https:\/\/www.challenge.ma\/wp-content\/uploads\/2021\/06\/VOYAGES-300x171.jpg 300w, https:\/\/www.challenge.ma\/wp-content\/uploads\/2021\/06\/VOYAGES-768x437.jpg 768w, https:\/\/www.challenge.ma\/wp-content\/uploads\/2021\/06\/VOYAGES-360x205.jpg 360w, https:\/\/www.challenge.ma\/wp-content\/uploads\/2021\/06\/VOYAGES-750x427.jpg 750w\" sizes=\"auto, (max-width: 833px) 100vw, 833px\" itemprop=\"image\">Le minist\u00e8re de la Sant\u00e9 a actualis\u00e9, le 12 juillet, les dispositions sanitaires pour les voyages internationaux. Voici ce qu\u2019il faut savoir. Tout d\u2019abord, voici les mesures communes concernant \u00e0 la fois les personnes de la liste A et de la liste B: \u2013 Fiche sanitaire du passager, \u00e0 t\u00e9l\u00e9charger<\/div>\n<p>Auteur: challenge<br \/>\n<a href=\"https:\/\/www.challenge.ma\/acces-au-territoire-marocain-nouvelle-mise-a-jour-du-ministere-de-la-sante-192338\/\">Cliquez ici pour lire l&rsquo;article depuis sa source.<\/a><\/p>\n","protected":false},"excerpt":{"rendered":"<p>Le minist\u00e8re de la Sant\u00e9 a actualis\u00e9, le 12 juillet, les dispositions sanitaires pour les voyages internationaux. Voici ce qu\u2019il faut savoir. Tout d\u2019abord, voici les mesures communes concernant \u00e0 la fois les personnes de la liste A et de la liste B: \u2013 Fiche sanitaire du passager, \u00e0 t\u00e9l\u00e9charger Auteur: challenge Cliquez ici pour [&hellip;]<\/p>\n","protected":false},"author":1787,"featured_media":0,"comment_status":"closed","ping_status":"closed","sticky":false,"template":"","format":"standard","meta":{"fifu_image_url":"https:\/\/www.challenge.ma\/wp-content\/uploads\/2021\/06\/VOYAGES.jpg","fifu_image_alt":"Acc\u00e8s au territoire marocain. Nouvelle mise \u00e0 jour du minist\u00e8re de la Sant\u00e9","footnotes":""},"categories":[78,54],"tags":[],"class_list":["post-121194","post","type-post","status-publish","format-standard","hentry","category-economie","category-maroc"],"_links":{"self":[{"href":"https:\/\/linitiative.ca\/International\/wp-json\/wp\/v2\/posts\/121194","targetHints":{"allow":["GET"]}}],"collection":[{"href":"https:\/\/linitiative.ca\/International\/wp-json\/wp\/v2\/posts"}],"about":[{"href":"https:\/\/linitiative.ca\/International\/wp-json\/wp\/v2\/types\/post"}],"author":[{"embeddable":true,"href":"https:\/\/linitiative.ca\/International\/wp-json\/wp\/v2\/users\/1787"}],"replies":[{"embeddable":true,"href":"https:\/\/linitiative.ca\/International\/wp-json\/wp\/v2\/comments?post=121194"}],"version-history":[{"count":0,"href":"https:\/\/linitiative.ca\/International\/wp-json\/wp\/v2\/posts\/121194\/revisions"}],"wp:attachment":[{"href":"https:\/\/linitiative.ca\/International\/wp-json\/wp\/v2\/media?parent=121194"}],"wp:term":[{"taxonomy":"category","embeddable":true,"href":"https:\/\/linitiative.ca\/International\/wp-json\/wp\/v2\/categories?post=121194"},{"taxonomy":"post_tag","embeddable":true,"href":"https:\/\/linitiative.ca\/International\/wp-json\/wp\/v2\/tags?post=121194"}],"curies":[{"name":"wp","href":"https:\/\/api.w.org\/{rel}","templated":true}]}}