{"id":121196,"date":"2021-07-12T15:24:06","date_gmt":"2021-07-12T19:24:06","guid":{"rendered":"https:\/\/linitiative.ca\/International\/france-une-troisieme-dose-des-septembre-pour-les-personnes-deja-vaccinees\/"},"modified":"2021-07-12T15:24:06","modified_gmt":"2021-07-12T19:24:06","slug":"france-une-troisieme-dose-des-septembre-pour-les-personnes-deja-vaccinees","status":"publish","type":"post","link":"https:\/\/linitiative.ca\/International\/france-une-troisieme-dose-des-septembre-pour-les-personnes-deja-vaccinees\/","title":{"rendered":"France. Une troisi\u00e8me dose d\u00e8s septembre pour les personnes d\u00e9j\u00e0 vaccin\u00e9es"},"content":{"rendered":"<div><img decoding=\"async\" width=\"900\" height=\"600\" src=\"https:\/\/linitiative.ca\/International\/wp-content\/uploads\/sites\/23\/2021\/07\/le-president-emmanuel-macron-president-republique-francaise-secretaire-general-l.jpg\" class=\"attachment-post-thumbnail size-post-thumbnail wp-post-image\" alt=\"\" loading=\"lazy\" srcset=\"https:\/\/linitiative.ca\/International\/wp-content\/uploads\/sites\/23\/2021\/07\/le-president-emmanuel-macron-president-republique-francaise-secretaire-general-l.jpg 900w, https:\/\/www.challenge.ma\/wp-content\/uploads\/2019\/12\/le-president-emmanuel-macron-president-republique-francaise-secretaire-general-l-300x200.jpg 300w, https:\/\/www.challenge.ma\/wp-content\/uploads\/2019\/12\/le-president-emmanuel-macron-president-republique-francaise-secretaire-general-l-768x512.jpg 768w, https:\/\/www.challenge.ma\/wp-content\/uploads\/2019\/12\/le-president-emmanuel-macron-president-republique-francaise-secretaire-general-l-360x240.jpg 360w, https:\/\/www.challenge.ma\/wp-content\/uploads\/2019\/12\/le-president-emmanuel-macron-president-republique-francaise-secretaire-general-l-750x500.jpg 750w\" sizes=\"auto, (max-width: 900px) 100vw, 900px\" itemprop=\"image\">Les personnes ayant d\u00e9j\u00e0 re\u00e7u leurs 2 doses de vaccin anti-covid depuis plusieurs mois pourront recevoir une 3\u00e8me dose d\u00e8s la rentr\u00e9e. Aussi, le pass sanitaire a-t-il \u00e9t\u00e9 \u00e9tendu \u00e0 d\u2019autres lieux comme les restaurants, les cin\u00e9mas\u2026 Le pr\u00e9sident fran\u00e7ais a annonc\u00e9 dans une allocution le 12 juillet que la<\/div>\n<p>Auteur: challenge<br \/>\n<a href=\"https:\/\/www.challenge.ma\/france-une-troisieme-dose-des-septembre-pour-les-personnes-deja-vaccinees-192344\/\">Cliquez ici pour lire l&rsquo;article depuis sa source.<\/a><\/p>\n","protected":false},"excerpt":{"rendered":"<p>Les personnes ayant d\u00e9j\u00e0 re\u00e7u leurs 2 doses de vaccin anti-covid depuis plusieurs mois pourront recevoir une 3\u00e8me dose d\u00e8s la rentr\u00e9e. Aussi, le pass sanitaire a-t-il \u00e9t\u00e9 \u00e9tendu \u00e0 d\u2019autres lieux comme les restaurants, les cin\u00e9mas\u2026 Le pr\u00e9sident fran\u00e7ais a annonc\u00e9 dans une allocution le 12 juillet que la Auteur: challenge Cliquez ici pour [&hellip;]<\/p>\n","protected":false},"author":1787,"featured_media":0,"comment_status":"closed","ping_status":"closed","sticky":false,"template":"","format":"standard","meta":{"fifu_image_url":"https:\/\/www.challenge.ma\/wp-content\/uploads\/2019\/12\/le-president-emmanuel-macron-president-republique-francaise-secretaire-general-l.jpg","fifu_image_alt":"France. Une troisi\u00e8me dose d\u00e8s septembre pour les personnes d\u00e9j\u00e0 vaccin\u00e9es","footnotes":""},"categories":[78,54],"tags":[],"class_list":["post-121196","post","type-post","status-publish","format-standard","hentry","category-economie","category-maroc"],"_links":{"self":[{"href":"https:\/\/linitiative.ca\/International\/wp-json\/wp\/v2\/posts\/121196","targetHints":{"allow":["GET"]}}],"collection":[{"href":"https:\/\/linitiative.ca\/International\/wp-json\/wp\/v2\/posts"}],"about":[{"href":"https:\/\/linitiative.ca\/International\/wp-json\/wp\/v2\/types\/post"}],"author":[{"embeddable":true,"href":"https:\/\/linitiative.ca\/International\/wp-json\/wp\/v2\/users\/1787"}],"replies":[{"embeddable":true,"href":"https:\/\/linitiative.ca\/International\/wp-json\/wp\/v2\/comments?post=121196"}],"version-history":[{"count":0,"href":"https:\/\/linitiative.ca\/International\/wp-json\/wp\/v2\/posts\/121196\/revisions"}],"wp:attachment":[{"href":"https:\/\/linitiative.ca\/International\/wp-json\/wp\/v2\/media?parent=121196"}],"wp:term":[{"taxonomy":"category","embeddable":true,"href":"https:\/\/linitiative.ca\/International\/wp-json\/wp\/v2\/categories?post=121196"},{"taxonomy":"post_tag","embeddable":true,"href":"https:\/\/linitiative.ca\/International\/wp-json\/wp\/v2\/tags?post=121196"}],"curies":[{"name":"wp","href":"https:\/\/api.w.org\/{rel}","templated":true}]}}