{"id":121200,"date":"2021-07-12T16:11:23","date_gmt":"2021-07-12T20:11:23","guid":{"rendered":"https:\/\/linitiative.ca\/International\/le-president-burundais-en-rdc\/"},"modified":"2021-07-12T16:11:23","modified_gmt":"2021-07-12T20:11:23","slug":"le-president-burundais-en-rdc","status":"publish","type":"post","link":"https:\/\/linitiative.ca\/International\/le-president-burundais-en-rdc\/","title":{"rendered":"LE PRESIDENT BURUNDAIS EN RDC  \u00a0"},"content":{"rendered":"<div>\n<p><img decoding=\"async\" width=\"300\" height=\"168\" src=\"https:\/\/linitiative.ca\/International\/wp-content\/uploads\/sites\/23\/2021\/07\/BURUNDI.jpg\" class=\"attachment- size- wp-post-image\" alt=\"\" loading=\"lazy\" style=\"float:left; margin:0 15px 15px 0;\">Depuis son accession au pouvoir, le pr\u00e9sident RD Congolais, F\u00e9lix Tshis\u00e9k\u00e9di, n\u2019a de cesse de multiplier les initiatives pour se rapprocher de ses voisins. Ainsi, apr\u00e8s le Rwanda \u00e0 deux reprises, il s\u2019est rendu, tour \u00e0 tour, en Angola, en Tanzanie et au Burundi. Conscient que rien ne vaut les relations de bon voisinage, c\u2019est \u2026<\/p>\n<p>L\u2019article <a rel=\"nofollow\" href=\"https:\/\/lepays.bf\/le-president-burundais-en-rdc\/\">LE PRESIDENT BURUNDAIS EN RDC  \u00a0<\/a> est apparu en premier sur <a rel=\"nofollow\" href=\"https:\/\/lepays.bf\/\">Editions Le Pays<\/a>.<\/p>\n<\/div>\n<p>Auteur: Editions LEPAYS<br \/>\n<a href=\"https:\/\/lepays.bf\/le-president-burundais-en-rdc\/\">Cliquez ici pour lire l&rsquo;article depuis sa source.<\/a><\/p>\n","protected":false},"excerpt":{"rendered":"<p>Depuis son accession au pouvoir, le pr\u00e9sident RD Congolais, F\u00e9lix Tshis\u00e9k\u00e9di, n\u2019a de cesse de multiplier les initiatives pour se rapprocher de ses voisins. Ainsi, apr\u00e8s le Rwanda \u00e0 deux reprises, il s\u2019est rendu, tour \u00e0 tour, en Angola, en Tanzanie et au Burundi. Conscient que rien ne vaut les relations de bon voisinage, c\u2019est [&hellip;]<\/p>\n","protected":false},"author":1813,"featured_media":0,"comment_status":"closed","ping_status":"closed","sticky":false,"template":"","format":"standard","meta":{"fifu_image_url":"https:\/\/lepays.bf\/wp-content\/uploads\/2021\/07\/BURUNDI.jpg","fifu_image_alt":"LE PRESIDENT BURUNDAIS EN RDC  \u00a0","footnotes":""},"categories":[73,81],"tags":[],"class_list":["post-121200","post","type-post","status-publish","format-standard","hentry","category-actualite","category-burkina-faso"],"_links":{"self":[{"href":"https:\/\/linitiative.ca\/International\/wp-json\/wp\/v2\/posts\/121200","targetHints":{"allow":["GET"]}}],"collection":[{"href":"https:\/\/linitiative.ca\/International\/wp-json\/wp\/v2\/posts"}],"about":[{"href":"https:\/\/linitiative.ca\/International\/wp-json\/wp\/v2\/types\/post"}],"author":[{"embeddable":true,"href":"https:\/\/linitiative.ca\/International\/wp-json\/wp\/v2\/users\/1813"}],"replies":[{"embeddable":true,"href":"https:\/\/linitiative.ca\/International\/wp-json\/wp\/v2\/comments?post=121200"}],"version-history":[{"count":0,"href":"https:\/\/linitiative.ca\/International\/wp-json\/wp\/v2\/posts\/121200\/revisions"}],"wp:attachment":[{"href":"https:\/\/linitiative.ca\/International\/wp-json\/wp\/v2\/media?parent=121200"}],"wp:term":[{"taxonomy":"category","embeddable":true,"href":"https:\/\/linitiative.ca\/International\/wp-json\/wp\/v2\/categories?post=121200"},{"taxonomy":"post_tag","embeddable":true,"href":"https:\/\/linitiative.ca\/International\/wp-json\/wp\/v2\/tags?post=121200"}],"curies":[{"name":"wp","href":"https:\/\/api.w.org\/{rel}","templated":true}]}}