{"id":121204,"date":"2021-07-11T18:48:23","date_gmt":"2021-07-11T22:48:23","guid":{"rendered":"https:\/\/linitiative.ca\/International\/situation-securitaire-des-femmes-du-sahel-dans-la-rue\/"},"modified":"2021-07-11T18:48:23","modified_gmt":"2021-07-11T22:48:23","slug":"situation-securitaire-des-femmes-du-sahel-dans-la-rue","status":"publish","type":"post","link":"https:\/\/linitiative.ca\/International\/situation-securitaire-des-femmes-du-sahel-dans-la-rue\/","title":{"rendered":"Situation s\u00e9curitaire : Des femmes du Sahel dans la rue"},"content":{"rendered":"<div>\n<p><strong>Le Collectif des femmes du Sahel a organis\u00e9 une marche pacifique, le samedi 10 juillet 2021 \u00e0 Dori, pour r\u00e9clamer la fin des attaques terroristes.<\/strong><\/p>\n<p>Les attaques terroristes qui endeuillent de nombreuses familles et occasionnent des d\u00e9placements massifs de populations r\u00e9voltent les populations de la r\u00e9gion du Sahel. En effet, apr\u00e8s la marche pacifique du 12 juin et celle de l\u2019opposition politique, les 3 et 4 juillet dernier, le Collectif des femmes du Sahel est sorti pour exprimer son ras-le-bol face aux massacres des innocents, le samedi 10 juillet 2021 \u00e0 Dori. Pour la porte-parole du collectif, Aminata Ciss\u00e9, plus d\u2019un mois apr\u00e8s l\u2019attaque terroriste survenue \u00e0 Solhan, la douleur demeure vive chez les femmes et la situation s\u00e9curitaire dans la r\u00e9gion demeure aussi \u00ab peu rassurante \u00bb.<\/p>\n<p>C\u2019est pourquoi, a-t-elle dit, \u00e0 la suite de la marche pacifique des populations du Sahel le 12 juin, les femmes se sont \u00e0 nouveau rendues au gouvernorat de Dori, pour remettre une note, adress\u00e9e au Pr\u00e9sident du Faso, Roch Marc Christian Kabor\u00e9. \u00ab M\u00e8res et \u00e9pouses, nous, femmes du Sahel, sommes particuli\u00e8rement choqu\u00e9es et meurtries par les statuts de veuves et de m\u00e8res en peine (\u2026) de celles de nos \u00e9poux et de nos enfants \u00bb, a lu, la porte-parole avant de remettre la correspondance au Secr\u00e9taire g\u00e9n\u00e9ral de la r\u00e9gion, Inoussa Kabor\u00e9, repr\u00e9sentant de gouverneur du Sahel, le colonel-Major Salfo Kabor\u00e9. De ses dires, les femmes de la r\u00e9gion ont plus que jamais besoin du soutien de l\u2019Etat, de la nation tout enti\u00e8re sous la haute implication du chef supr\u00eame des arm\u00e9es.<\/p>\n<p>Avec le \u00ab l\u00e9ger \u00bb remaniement minist\u00e9riel du 30 juin o\u00f9 le pr\u00e9sident du Faso occupe lui-m\u00eame d\u00e9sormais la fonction de ministre en charge de la d\u00e9fense, le Collectif des femmes du Sahel dans sa lettre a souhait\u00e9 que des mesures soient prises pour mettre fin aux sc\u00e8nes humiliantes de d\u00e9placements massifs de femmes, d\u2019enfants, de vieillards, t\u00e9tanis\u00e9s par l\u2019horreur des tueries et par la peur. \u00ab Nous exigeons que notre droit \u00e0 la s\u00e9curit\u00e9 et \u00e0 la vie soit garanti sous toutes ses formes, ainsi que l\u2019int\u00e9grit\u00e9 du territoire burkinab\u00e8. Les femmes du Sahel, \u00e0 l\u2019instar de celles de toutes les autres r\u00e9gions du Burkina Faso veulent vivre et se d\u00e9barrasser de deuils r\u00e9currents et de veuvage \u00e0 porter, du fait des massacres \u00bb, a-t-elle poursuivi. Tout en remerciant les manifestantes, le repr\u00e9sentant du gouverneur les a rassur\u00e9es que la correspondance va \u00eatre transmise \u00e0 qui de droit.<\/p>\n<p style=\"text-align: right\"><strong>Souaibou NOMBRE<\/strong><br \/>\n<strong>Oumarou RABO<\/strong><br \/>\n(Collaborateur)<\/p>\n<p>\u00a0<\/p>\n<p>\u00a0<\/p>\n<p>L\u2019article <a rel=\"nofollow\" href=\"https:\/\/www.sidwaya.info\/blog\/2021\/07\/11\/situation-securitaire-des-femmes-du-sahel-dans-la-rue\/\">Situation s\u00e9curitaire : Des femmes du Sahel dans la rue<\/a> est apparu en premier sur <a rel=\"nofollow\" href=\"https:\/\/www.sidwaya.info\/\">Quotidien Sidwaya<\/a>.<\/p>\n<\/div>\n<p>Auteur: JK. Sidwaya<br \/>\n<a href=\"https:\/\/www.sidwaya.info\/blog\/2021\/07\/11\/situation-securitaire-des-femmes-du-sahel-dans-la-rue\/\">Cliquez ici pour lire l&rsquo;article depuis sa source.<\/a><\/p>\n","protected":false},"excerpt":{"rendered":"<p>Le Collectif des femmes du Sahel a organis\u00e9 une marche pacifique, le samedi 10 juillet 2021 \u00e0 Dori, pour r\u00e9clamer la fin des attaques terroristes. Les attaques terroristes qui endeuillent de nombreuses familles et occasionnent des d\u00e9placements massifs de populations r\u00e9voltent les populations de la r\u00e9gion du Sahel. En effet, apr\u00e8s la marche pacifique du [&hellip;]<\/p>\n","protected":false},"author":1816,"featured_media":0,"comment_status":"closed","ping_status":"closed","sticky":false,"template":"","format":"standard","meta":{"fifu_image_url":"","fifu_image_alt":"","footnotes":""},"categories":[73,81],"tags":[],"class_list":["post-121204","post","type-post","status-publish","format-standard","hentry","category-actualite","category-burkina-faso"],"_links":{"self":[{"href":"https:\/\/linitiative.ca\/International\/wp-json\/wp\/v2\/posts\/121204","targetHints":{"allow":["GET"]}}],"collection":[{"href":"https:\/\/linitiative.ca\/International\/wp-json\/wp\/v2\/posts"}],"about":[{"href":"https:\/\/linitiative.ca\/International\/wp-json\/wp\/v2\/types\/post"}],"author":[{"embeddable":true,"href":"https:\/\/linitiative.ca\/International\/wp-json\/wp\/v2\/users\/1816"}],"replies":[{"embeddable":true,"href":"https:\/\/linitiative.ca\/International\/wp-json\/wp\/v2\/comments?post=121204"}],"version-history":[{"count":0,"href":"https:\/\/linitiative.ca\/International\/wp-json\/wp\/v2\/posts\/121204\/revisions"}],"wp:attachment":[{"href":"https:\/\/linitiative.ca\/International\/wp-json\/wp\/v2\/media?parent=121204"}],"wp:term":[{"taxonomy":"category","embeddable":true,"href":"https:\/\/linitiative.ca\/International\/wp-json\/wp\/v2\/categories?post=121204"},{"taxonomy":"post_tag","embeddable":true,"href":"https:\/\/linitiative.ca\/International\/wp-json\/wp\/v2\/tags?post=121204"}],"curies":[{"name":"wp","href":"https:\/\/api.w.org\/{rel}","templated":true}]}}