{"id":121214,"date":"2021-07-12T14:34:17","date_gmt":"2021-07-12T18:34:17","guid":{"rendered":"https:\/\/linitiative.ca\/International\/fecafoot-la-fifa-contredit-le-gouvernement-camerounais-et-commande-la-poursuite-du-processus-electoral\/"},"modified":"2021-07-12T14:34:17","modified_gmt":"2021-07-12T18:34:17","slug":"fecafoot-la-fifa-contredit-le-gouvernement-camerounais-et-commande-la-poursuite-du-processus-electoral","status":"publish","type":"post","link":"https:\/\/linitiative.ca\/International\/fecafoot-la-fifa-contredit-le-gouvernement-camerounais-et-commande-la-poursuite-du-processus-electoral\/","title":{"rendered":"F\u00e9cafoot : la FIFA contredit le gouvernement camerounais et commande la poursuite du processus \u00e9lectoral"},"content":{"rendered":"<div>\n<p><img loading=\"lazy\" decoding=\"async\" width=\"650\" height=\"371\" src=\"https:\/\/linitiative.ca\/International\/wp-content\/uploads\/sites\/23\/2021\/07\/Le-prC3A9sident-de-la-FIFA-Gianni-Infantino-et-le-prC3A9sident-de-la-RC3A9publique-Paul-Biya-lors-de-sa-visite-au-Cameroun-en-janvier-2021.jpg\" class=\"attachment-post-thumbnail size-post-thumbnail wp-post-image\" alt=\"\" srcset=\"https:\/\/linitiative.ca\/International\/wp-content\/uploads\/sites\/23\/2021\/07\/Le-prC3A9sident-de-la-FIFA-Gianni-Infantino-et-le-prC3A9sident-de-la-RC3A9publique-Paul-Biya-lors-de-sa-visite-au-Cameroun-en-janvier-2021.jpg 650w, https:\/\/www.journalducameroun.com\/wp-content\/uploads\/2021\/07\/Le-pr\u00e9sident-de-la-FIFA-Gianni-Infantino-et-le-pr\u00e9sident-de-la-R\u00e9publique-Paul-Biya-lors-de-sa-visite-au-Cameroun-en-janvier-2021-300x171.jpg 300w, https:\/\/www.journalducameroun.com\/wp-content\/uploads\/2021\/07\/Le-pr\u00e9sident-de-la-FIFA-Gianni-Infantino-et-le-pr\u00e9sident-de-la-R\u00e9publique-Paul-Biya-lors-de-sa-visite-au-Cameroun-en-janvier-2021-160x90.jpg 160w, https:\/\/www.journalducameroun.com\/wp-content\/uploads\/2021\/07\/Le-pr\u00e9sident-de-la-FIFA-Gianni-Infantino-et-le-pr\u00e9sident-de-la-R\u00e9publique-Paul-Biya-lors-de-sa-visite-au-Cameroun-en-janvier-2021-350x200.jpg 350w, https:\/\/www.journalducameroun.com\/wp-content\/uploads\/2021\/07\/Le-pr\u00e9sident-de-la-FIFA-Gianni-Infantino-et-le-pr\u00e9sident-de-la-R\u00e9publique-Paul-Biya-lors-de-sa-visite-au-Cameroun-en-janvier-2021-600x342.jpg 600w\" sizes=\"auto, (max-width: 650px) 100vw, 650px\"><\/p>\n<h5 style=\"text-align: justify;\">Un \u00a0courrier conjoint \u00a0FIFA-CAF \u00a0transmis au secr\u00e9taire g\u00e9n\u00e9ral de la F\u00e9d\u00e9ration camerounaise de football (F\u00e9cafoot) ce 12 juillet 2021, prend \u00e0 contre-pied le ministre des Sports qui s\u2019oppose \u00e0 la poursuite des \u00e9lections \u00e9voquant \u00a0plusieurs entorses au droit.<\/h5>\n<p style=\"text-align: justify;\">\n<p style=\"text-align: justify;\">Le gouvernement et la <strong>F\u00e9cafoot<\/strong> dans un nouveau bras de fer. Dans une correspondance adress\u00e9e \u00e0 la f\u00e9d\u00e9ration le 9 juillet dernier, le ministre des Sports et de l\u2019\u00e9ducation physique refuse de d\u00e9signer les commissaires du gouvernement \u00e0 l\u2019Assembl\u00e9e g\u00e9n\u00e9rale (AGE) de la F\u00e9cafoot en vue de l\u2019adoption des nouveaux statuts et r\u00e8glements. Le <strong>Minsep<\/strong> reproche \u00e0 la F\u00e9cafoot de n\u2019avoir pas port\u00e9 \u00e0 sa connaissance les nouveaux textes valid\u00e9s par la <strong>FIFA<\/strong> dans la perspective des \u00e9lections.<\/p>\n<p style=\"text-align: justify;\">Le Prof <strong>Narcisse Mouelle Kombi<\/strong> exprime trois autres regrets dans le lancement du processus \u00e9lectoral qui a d\u00e9but\u00e9 en juin dernier par la d\u00e9signation des d\u00e9l\u00e9gu\u00e9s des Ligues d\u00e9partementales. Il d\u00e9plore : le non-respect des dispositions de la loi en vigueur au Cameroun\u00a0; Le non-respect de l&rsquo;esprit de la lettre des sentences rendues par le Tribunal arbitral du sport (<strong>TAS<\/strong>) et la Chambre de conciliation et d&rsquo;arbitrage du Comit\u00e9 national olympique (<strong>CCA-CNOSC<\/strong>), induisant l&rsquo;ill\u00e9gitimit\u00e9 des personnes convoqu\u00e9es \u00e0 l&rsquo;Assembl\u00e9e g\u00e9n\u00e9rale du 13 juillet 2021\u00a0; Le non-respect de ses propres textes par la F\u00e9cafoot.<\/p>\n<p style=\"text-align: justify;\">La F\u00e9cafoot qui a port\u00e9 ces r\u00e9criminations \u00e0 l\u2019attention de la FIFA et la <strong>CAF<\/strong>, vient de recevoir leur avis. Avis qui d\u00e9sapprouve les arguments du ministre des Sports et de l\u2019\u00e9ducation physique. La secr\u00e9taire g\u00e9n\u00e9rale de la FIFA, <strong>Fatma Samoura<\/strong>, et le secr\u00e9taire g\u00e9n\u00e9ral de la CAF, <strong>V\u00e9ron Mosengo-Omba<\/strong> estiment que\u00a0le processus \u00e9lectoral engag\u00e9 par la f\u00e9d\u00e9ration est en conformit\u00e9 avec la sentence du Tribunal arbitral du sport du 15 janvier 2021 qui annule l\u2019\u00e9lection de l\u2019\u00e9quipe en place \u00e0 la F\u00e9cafoot, avec un mandat d\u2019int\u00e9rimaire.<\/p>\n<p style=\"text-align: justify;\">\u00ab\u00a0<em>Les d\u00e9marches engag\u00e9es avec le soutien de la FIFA par la F\u00e9cafoot sont conformes \u00e0 la sentence arbitrale susmentionn\u00e9e et donc pleinement n\u00e9cessaires. Des lors, et sur le plan de l&rsquo;organisation du football et de la r\u00e8glementation de la FIFA, les raisons avanc\u00e9es par le Ministre dans son courrier ne sauraient emp\u00eacher la tenue de l&rsquo;AGE convoqu\u00e9e. Nous invitons donc \u00e0 la FECAFOOT \u00e0 poursuivre ses pr\u00e9paratifs organisationnels et demandons aux autorit\u00e9s de bien vouloir la soutenir dans cette d\u00e9marche, pour le bien du football camerounais<\/em>\u00a0\u00bb, prescrivent la FIFA et la CAF.<\/p>\n<p style=\"text-align: justify;\">Plus grave, en cas d\u2019opposition persistante du gouvernement, \u00a0la FIFA menace de porter l\u2019affaire sur la table de son Comit\u00e9 d\u2019urgence. \u00ab\u00a0<em>Dans l&rsquo;hypoth\u00e8se o\u00f9 l&rsquo;AGE ne serait pas organis\u00e9e comme pr\u00e9vu et o\u00f9 les textes r\u00e9vis\u00e9s en collaboration avec la FIFA ne pourraient donc pas \u00eatre adopt\u00e9s, nous serions contraints de pr\u00e9senter la situation de la F<\/em><em>\u00e9cafoot<\/em><em> aux organes comp\u00e9tents de la FlFA<\/em><em> pour consid\u00e9ration et prise de d\u00e9cision\u00a0<\/em>\u00bb, peut-on lire<\/p>\n<p style=\"text-align: justify;\">Ce 12 juillet, le Sous-pr\u00e9fet de Yaound\u00e9 2 qui avait interdit la tenue de l\u2019Assembl\u00e9e g\u00e9n\u00e9rale de la F\u00e9cafoot eu \u00e9gard \u00e0 la correspondance du ministre des Sports, a op\u00e9r\u00e9 un r\u00e9trop\u00e9dalage suite \u00e0 lettre conjointe FIFA-CAF. <strong>Mamadi Mahamat<\/strong> a revu sa d\u00e9cision en autorisant la tenue l\u2019AGE demain dans un prestigieux h\u00f4tel de son unit\u00e9 de commandement.<\/p>\n<p>Cet article <a rel=\"nofollow\" href=\"https:\/\/www.journalducameroun.com\/fecafoot-la-fifa-contredit-le-gouvernement-camerounais-et-commande-la-poursuite-du-processus-electoral-cameroun\/\">F\u00e9cafoot : la FIFA contredit le gouvernement camerounais et commande la poursuite du processus \u00e9lectoral<\/a> est apparu en premier sur <a rel=\"nofollow\" href=\"https:\/\/www.journalducameroun.com\/\">Journal du Cameroun<\/a>.<\/p>\n<\/div>\n<p>Auteur: Christian DJIMADEU<br \/>\n<a href=\"https:\/\/www.journalducameroun.com\/fecafoot-la-fifa-contredit-le-gouvernement-camerounais-et-commande-la-poursuite-du-processus-electoral-cameroun\/\">Cliquez ici pour lire l&rsquo;article depuis sa source.<\/a><\/p>\n","protected":false},"excerpt":{"rendered":"<p>Un \u00a0courrier conjoint \u00a0FIFA-CAF \u00a0transmis au secr\u00e9taire g\u00e9n\u00e9ral de la F\u00e9d\u00e9ration camerounaise de football (F\u00e9cafoot) ce 12 juillet 2021, prend \u00e0 contre-pied le ministre des Sports qui s\u2019oppose \u00e0 la poursuite des \u00e9lections \u00e9voquant \u00a0plusieurs entorses au droit. Le gouvernement et la F\u00e9cafoot dans un nouveau bras de fer. Dans une correspondance adress\u00e9e \u00e0 la [&hellip;]<\/p>\n","protected":false},"author":1965,"featured_media":0,"comment_status":"closed","ping_status":"closed","sticky":false,"template":"","format":"standard","meta":{"fifu_image_url":"https:\/\/www.journalducameroun.com\/wp-content\/uploads\/2021\/07\/Le-pr\u00e9sident-de-la-FIFA-Gianni-Infantino-et-le-pr\u00e9sident-de-la-R\u00e9publique-Paul-Biya-lors-de-sa-visite-au-Cameroun-en-janvier-2021.jpg","fifu_image_alt":"F\u00e9cafoot : la FIFA contredit le gouvernement camerounais et commande la poursuite du processus \u00e9lectoral","footnotes":""},"categories":[73,82],"tags":[],"class_list":["post-121214","post","type-post","status-publish","format-standard","hentry","category-actualite","category-cameroun"],"_links":{"self":[{"href":"https:\/\/linitiative.ca\/International\/wp-json\/wp\/v2\/posts\/121214","targetHints":{"allow":["GET"]}}],"collection":[{"href":"https:\/\/linitiative.ca\/International\/wp-json\/wp\/v2\/posts"}],"about":[{"href":"https:\/\/linitiative.ca\/International\/wp-json\/wp\/v2\/types\/post"}],"author":[{"embeddable":true,"href":"https:\/\/linitiative.ca\/International\/wp-json\/wp\/v2\/users\/1965"}],"replies":[{"embeddable":true,"href":"https:\/\/linitiative.ca\/International\/wp-json\/wp\/v2\/comments?post=121214"}],"version-history":[{"count":0,"href":"https:\/\/linitiative.ca\/International\/wp-json\/wp\/v2\/posts\/121214\/revisions"}],"wp:attachment":[{"href":"https:\/\/linitiative.ca\/International\/wp-json\/wp\/v2\/media?parent=121214"}],"wp:term":[{"taxonomy":"category","embeddable":true,"href":"https:\/\/linitiative.ca\/International\/wp-json\/wp\/v2\/categories?post=121214"},{"taxonomy":"post_tag","embeddable":true,"href":"https:\/\/linitiative.ca\/International\/wp-json\/wp\/v2\/tags?post=121214"}],"curies":[{"name":"wp","href":"https:\/\/api.w.org\/{rel}","templated":true}]}}