{"id":121219,"date":"2021-07-12T12:02:56","date_gmt":"2021-07-12T16:02:56","guid":{"rendered":"https:\/\/linitiative.ca\/International\/infrastructure-sanitaire-le-koweit-finance-la-rehabilitation-de-lhopital-regional-de-mbalmayo\/"},"modified":"2021-07-12T12:02:56","modified_gmt":"2021-07-12T16:02:56","slug":"infrastructure-sanitaire-le-koweit-finance-la-rehabilitation-de-lhopital-regional-de-mbalmayo","status":"publish","type":"post","link":"https:\/\/linitiative.ca\/International\/infrastructure-sanitaire-le-koweit-finance-la-rehabilitation-de-lhopital-regional-de-mbalmayo\/","title":{"rendered":"Infrastructure sanitaire: le Koweit finance la r\u00e9habilitation de l\u2019H\u00f4pital r\u00e9gional de Mbalmayo"},"content":{"rendered":"<div>\n<p>Les traits futures de la construction de l\u2019h\u00f4pital r\u00e9gional de Mbalmayo, prend corps. Le 15 juin 2021, le ministre de l\u2019Economie de la planification et de l\u2019am\u00e9nagement du territoire (Minepat), Alamine Ousmane Mey a proc\u00e9d\u00e9 \u00e0 la signature par \u00e9change de correspondance avec les autorit\u00e9s du Fonds Koweitien pour le d\u00e9veloppement \u00e9conomique arabe (Fkdea), d\u2019un accord de pr\u00eat de 3,5 millions de dinars Koweitien, soit 11,5 millions de dollars US, soit environ 6,423 milliards de Fcfa. Ceci pour le financement du projet de construction et d\u2019\u00e9quipement de ladite structure sanitaire.<\/p>\n<p><strong>Lire aussi<\/strong> : <strong><a href=\"https:\/\/ecomatin.net\/13082-milliards-s-s-de-fcfa-de-plus-pour-lhopital-regional-annexe-de-mbalmayo\/\">13,082 milliards de Fcfa de plus pour l\u2019h\u00f4pital r\u00e9gional annexe de Mbalmayo<\/a><\/strong><\/p>\n<p>Cette signature intervient apr\u00e8s les d\u00e9crets du 1<sup>er<\/sup>\u00a0juin 2021 du pr\u00e9sident de la R\u00e9publique, qui autorisait le Minepat \u00e0 signer avec le Fonds saoudien\u00a0\u00a0de d\u00e9veloppement (FSD) et le Fonds koweitien pour le d\u00e9veloppement \u00e9conomique arabe (Fkdea) deux accords de pr\u00eats. D\u2019une valeur respective de 12 millions de dollars US, soit environ 6,659 milliards de Fcfa et 3,5 millions de dinars koweitiens \u00e9quivalent \u00e0 11,5 millions de dollars US, soit environ 6,423 milliards de Fcfa. Soit un total de 13,082 milliards de Fcfa. Le financement d\u00e9j\u00e0 disponible \u00e9tant celui de Fkdea.<\/p>\n<p><strong>Lire aussi<\/strong> : <strong><a href=\"https:\/\/ecomatin.net\/chine-cameroun-24-nouveaux-medecins-chinois-attendus-au-cameroun\/\">Chine-Cameroun : 24 nouveaux m\u00e9decins chinois attendus au Cameroun<\/a><\/strong><\/p>\n<p>Comme il est pr\u00e9vu ce financement vise \u00e0 la \u00ab\u00a0construction et l\u2019\u00e9quipement d\u2019un h\u00f4pital de troisi\u00e8me cat\u00e9gorie sp\u00e9cialis\u00e9 notamment dans le traitement de grands brul\u00e9s\u00a0\u00bb, a fait savoir le Minepat.<\/p>\n<p>Pour rappel dans le\u00a0\u00a0cadre de projet,\u00a0le 4 ao\u00fbt 2020, l\u2019ambassadeur du Cameroun en \u00c9gypte, Mohamadou Labarang, avait sign\u00e9, au nom du gouvernement, un accord de pr\u00eat d\u2019environ 7 milliards de Fcfa avec la Banque arabe pour le d\u00e9veloppement \u00e9conomique en Afrique (Badea). Signature qui intervenait \u00e0 la suite du d\u00e9cret du 24 juin 2020 habilitant le Minepat \u00e0 signer un accord de pr\u00eat avec cette institution financi\u00e8re.<\/p>\n<p><strong>Lire aussi<\/strong> : <strong><a href=\"https:\/\/ecomatin.net\/le-cameroun-emprunte-326-milliards-pour-financer-le-pea-jeunes-et-la-route-olama-kribi\/\">Le Cameroun emprunte 32,6 milliards pour financer le PEA-Jeunes et la route Olama-Kribi<\/a><\/strong><\/p>\n<p>L\u2019article <a rel=\"nofollow\" href=\"https:\/\/ecomatin.net\/infrastructure-sanitaire-le-koweit-finance-la-rehabilitation-de-lhopital-regional-de-mbalmayo\/\">Infrastructure sanitaire: le Koweit finance la r\u00e9habilitation de l\u2019H\u00f4pital r\u00e9gional de Mbalmayo<\/a> est apparu en premier sur <a rel=\"nofollow\" href=\"https:\/\/ecomatin.net\/\">EcoMatin<\/a>.<\/p>\n<\/div>\n<p>Auteur: Cindy MBALA<br \/>\n<a href=\"https:\/\/ecomatin.net\/infrastructure-sanitaire-le-koweit-finance-la-rehabilitation-de-lhopital-regional-de-mbalmayo\/\">Cliquez ici pour lire l&rsquo;article depuis sa source.<\/a><\/p>\n","protected":false},"excerpt":{"rendered":"<p>Les traits futures de la construction de l\u2019h\u00f4pital r\u00e9gional de Mbalmayo, prend corps. Le 15 juin 2021, le ministre de l\u2019Economie de la planification et de l\u2019am\u00e9nagement du territoire (Minepat), Alamine Ousmane Mey a proc\u00e9d\u00e9 \u00e0 la signature par \u00e9change de correspondance avec les autorit\u00e9s du Fonds Koweitien pour le d\u00e9veloppement \u00e9conomique arabe (Fkdea), d\u2019un [&hellip;]<\/p>\n","protected":false},"author":1969,"featured_media":0,"comment_status":"closed","ping_status":"closed","sticky":false,"template":"","format":"standard","meta":{"fifu_image_url":"","fifu_image_alt":"","footnotes":""},"categories":[82,78],"tags":[],"class_list":["post-121219","post","type-post","status-publish","format-standard","hentry","category-cameroun","category-economie"],"_links":{"self":[{"href":"https:\/\/linitiative.ca\/International\/wp-json\/wp\/v2\/posts\/121219","targetHints":{"allow":["GET"]}}],"collection":[{"href":"https:\/\/linitiative.ca\/International\/wp-json\/wp\/v2\/posts"}],"about":[{"href":"https:\/\/linitiative.ca\/International\/wp-json\/wp\/v2\/types\/post"}],"author":[{"embeddable":true,"href":"https:\/\/linitiative.ca\/International\/wp-json\/wp\/v2\/users\/1969"}],"replies":[{"embeddable":true,"href":"https:\/\/linitiative.ca\/International\/wp-json\/wp\/v2\/comments?post=121219"}],"version-history":[{"count":0,"href":"https:\/\/linitiative.ca\/International\/wp-json\/wp\/v2\/posts\/121219\/revisions"}],"wp:attachment":[{"href":"https:\/\/linitiative.ca\/International\/wp-json\/wp\/v2\/media?parent=121219"}],"wp:term":[{"taxonomy":"category","embeddable":true,"href":"https:\/\/linitiative.ca\/International\/wp-json\/wp\/v2\/categories?post=121219"},{"taxonomy":"post_tag","embeddable":true,"href":"https:\/\/linitiative.ca\/International\/wp-json\/wp\/v2\/tags?post=121219"}],"curies":[{"name":"wp","href":"https:\/\/api.w.org\/{rel}","templated":true}]}}