{"id":12122,"date":"2019-02-07T15:14:44","date_gmt":"2019-02-07T20:14:44","guid":{"rendered":"https:\/\/linitiative.ca\/International\/pros-fenerbahce-le-real-betis-sur-les-traces-de-slimani\/"},"modified":"2019-02-07T15:14:44","modified_gmt":"2019-02-07T20:14:44","slug":"pros-fenerbahce-le-real-betis-sur-les-traces-de-slimani","status":"publish","type":"post","link":"https:\/\/linitiative.ca\/International\/pros-fenerbahce-le-real-betis-sur-les-traces-de-slimani\/","title":{"rendered":"Pros : Fenerbah\u00e7e: Le Real B\u00e9tis sur les traces de Slimani"},"content":{"rendered":"<div readability=\"32\">\n<p>Auteur : <span>Riad O.<\/span> <span class=\"time\">jeudi 07 f\u00e9vrier 2019 20:41<\/span><\/p>\n<\/div>\n<div id=\"post_core\" readability=\"38\">\n<p>Selon le m\u00e9dia italien, Tuttosport, le Real B\u00e9tis serait tr\u00e8s tent\u00e9 par le recrutement d\u2019Islam Slimani l\u2019\u00e9t\u00e9 prochain. Selon la m\u00eame source toujours, les responsables du club espagnol comptent profiter de la m\u00e9forme du joueur Alg\u00e9rien pour revoir \u00e0 la baisse son prix. Rappelons que les Foxes avaient d\u00e9bours\u00e9 30 millions d\u2019euros pour recruter Slimani en 2016 en provenance du Sporting Lisbonne.<\/p>\n<p><strong>Publi\u00e9 dans :<\/strong> <span>slimani<\/span><\/p>\n<\/div>\n","protected":false},"excerpt":{"rendered":"<p>Auteur : Riad O. jeudi 07 f\u00e9vrier 2019 20:41 Selon le m\u00e9dia italien, Tuttosport, le Real B\u00e9tis serait tr\u00e8s tent\u00e9 par le recrutement d\u2019Islam Slimani l\u2019\u00e9t\u00e9 prochain. Selon la m\u00eame source toujours, les responsables du club espagnol comptent profiter de la m\u00e9forme du joueur Alg\u00e9rien pour revoir \u00e0 la baisse son prix. Rappelons que les [&hellip;]<\/p>\n","protected":false},"author":1738,"featured_media":12123,"comment_status":"closed","ping_status":"closed","sticky":false,"template":"","format":"standard","meta":{"fifu_image_url":"","fifu_image_alt":"","footnotes":""},"categories":[53,75],"tags":[],"class_list":["post-12122","post","type-post","status-publish","format-standard","has-post-thumbnail","hentry","category-algerie","category-sport"],"_links":{"self":[{"href":"https:\/\/linitiative.ca\/International\/wp-json\/wp\/v2\/posts\/12122","targetHints":{"allow":["GET"]}}],"collection":[{"href":"https:\/\/linitiative.ca\/International\/wp-json\/wp\/v2\/posts"}],"about":[{"href":"https:\/\/linitiative.ca\/International\/wp-json\/wp\/v2\/types\/post"}],"author":[{"embeddable":true,"href":"https:\/\/linitiative.ca\/International\/wp-json\/wp\/v2\/users\/1738"}],"replies":[{"embeddable":true,"href":"https:\/\/linitiative.ca\/International\/wp-json\/wp\/v2\/comments?post=12122"}],"version-history":[{"count":0,"href":"https:\/\/linitiative.ca\/International\/wp-json\/wp\/v2\/posts\/12122\/revisions"}],"wp:featuredmedia":[{"embeddable":true,"href":"https:\/\/linitiative.ca\/International\/wp-json\/"}],"wp:attachment":[{"href":"https:\/\/linitiative.ca\/International\/wp-json\/wp\/v2\/media?parent=12122"}],"wp:term":[{"taxonomy":"category","embeddable":true,"href":"https:\/\/linitiative.ca\/International\/wp-json\/wp\/v2\/categories?post=12122"},{"taxonomy":"post_tag","embeddable":true,"href":"https:\/\/linitiative.ca\/International\/wp-json\/wp\/v2\/tags?post=12122"}],"curies":[{"name":"wp","href":"https:\/\/api.w.org\/{rel}","templated":true}]}}