{"id":121221,"date":"2021-07-12T12:35:15","date_gmt":"2021-07-12T16:35:15","guid":{"rendered":"https:\/\/linitiative.ca\/International\/refinancement-de-leurobond-moodys-attribue-b2-au-cameroun\/"},"modified":"2021-07-12T12:35:15","modified_gmt":"2021-07-12T16:35:15","slug":"refinancement-de-leurobond-moodys-attribue-b2-au-cameroun","status":"publish","type":"post","link":"https:\/\/linitiative.ca\/International\/refinancement-de-leurobond-moodys-attribue-b2-au-cameroun\/","title":{"rendered":"Refinancement de l\u2019eurobond : Moody\u2019s attribue \u00ab B2 \u00bb au Cameroun"},"content":{"rendered":"<div>\n<p>Moody\u2019s Investors Service annonce avoir attribu\u00e9 la note \u00ab\u00a0B2\u00a0\u00bb \u00e0 la derni\u00e8re \u00e9mission obligataire internationale de 685 millions d\u2019euros (soit 450 milliards de FCFA) r\u00e9alis\u00e9e par l\u2019Etat du Cameroun. \u00ab\u00a0B2\u00a0\u00bb c\u2019est le niveau interm\u00e9diaire de la cat\u00e9gorie tr\u00e8s sp\u00e9culatif. Pour bien comprendre ces notations, il faut savoir que 10 cat\u00e9gories existent. Il s\u2019agit en fonction du niveau de solvabilit\u00e9 de \u00ab premi\u00e8re qualit\u00e9 \u00bb, \u00ab haute qualit\u00e9 \u00bb, \u00ab qualit\u00e9 moyenne sup\u00e9rieure \u00bb, \u00ab qualit\u00e9 moyenne inf\u00e9rieure \u00bb, \u00ab sp\u00e9culatif \u00bb, \u00ab tr\u00e8s sp\u00e9culatif \u00bb, \u00ab risque \u00e9lev\u00e9 \u00bb, \u00ab ultra sp\u00e9culatif \u00bb, \u00ab en d\u00e9faut avec quelques espoirs de recouvrement \u00bb, \u00ab en d\u00e9faut \u00bb, \u00ab non class\u00e9 \u00bb. L\u2019op\u00e9ration qui a \u00e9t\u00e9 boucl\u00e9e le 28 juin dernier a permis au pays de Paul Biya de refinancer partiellement son eurobond de 2015 et donc de lever la pression sur les finances publiques.\u00a0<\/p>\n<p><strong>Lire aussi<\/strong> : <strong><a href=\"https:\/\/ecomatin.net\/eurobond-le-cameroun-reussi-a-mobiliser-450-milliardss-au-tauxx-de-595\/\">Eurobond: le Cameroun r\u00e9ussit \u00e0 mobiliser 450 milliards au taux de 5,95%<\/a><\/strong><\/p>\n<p>Dans un communiqu\u00e9 publi\u00e9 le 06 juillet dernier, l\u2019agence adosse cette note \u00e0 la r\u00e9silience dont a fait montre le pays face aux multiples chocs endog\u00e8nes et exog\u00e8nes. \u00a0\u00ab\u00a0La perspective stable attribu\u00e9e par Moody\u2019s selon laquelle, malgr\u00e9 les pressions continues sur les positions budg\u00e9taires et ext\u00e9rieures du gouvernement, exacerb\u00e9es par le choc du coronavirus, une d\u00e9t\u00e9rioration marqu\u00e9e des param\u00e8tres de cr\u00e9dit est peu probable et les param\u00e8tres de cr\u00e9dit du Cameroun devraient rester coh\u00e9rents avec une note B2\u00a0\u00bb \u00e9crit Moody\u2019s.<\/p>\n<p><strong>Lire aussi<\/strong> : <strong><a href=\"https:\/\/ecomatin.net\/leurobond-le-jour-dapres\/\">L\u2019eurobond, le jour d\u2019apr\u00e8s !<\/a><\/strong><\/p>\n<p>La note attribu\u00e9e sur la pr\u00e9sente l\u2019\u00e9mission de l\u2019eurobond est la m\u00eame que la note \u00e9mettrice (souveraine) du Cameroun. Le 5 juillet 2021, un comit\u00e9 de notation de l\u2019agence am\u00e9ricaine a \u00e9t\u00e9 convoqu\u00e9 pour en discuter. Celui-ci justifie le \u00ab\u00a0B2\u00a0\u00bb du Cameroun par la diversification relative de son \u00e9conomie, une strat\u00e9gie d\u2019investissement dans les infrastructures publiques qui aidera \u00e0 d\u00e9velopper davantage les ressources du pays et l\u2019appartenance \u00e0 la Cemac qui soutient la stabilit\u00e9 des prix et r\u00e9duit le risque de balance des paiements. N\u00e9anmoins, les finances publiques camerounaises sont expos\u00e9es aux fluctuations des revenus p\u00e9troliers, avec une faible capacit\u00e9 de g\u00e9n\u00e9ration de revenus non p\u00e9troliers. Pour y rem\u00e9dier, le pays projette d\u2019optimiser l\u2019assiette des recettes non p\u00e9troli\u00e8res passant de 1\u00a0938,4 milliards en 2021 \u00e0 2\u00a0763,4 milliards en 2024. \u00ab\u00a0La politique fiscale sur le triennat 2022-2024 sera orient\u00e9e vers l\u2019accroissement de la mobilisation des recettes fiscales internes non p\u00e9troli\u00e8res et l\u2019am\u00e9lioration du climat fiscal des affaires\u00a0\u00bb peut-on lire sur le document de programmation \u00e9conomique et budg\u00e9taire \u00e0 moyen terme 2022-2024.\u00a0<\/p>\n<p><strong>Lire aussi<\/strong> : <strong><a href=\"https:\/\/ecomatin.net\/en-16-mois-le-cameroun-paie-57-milliards-dinterets-sur-son-eurobond-de-2015\/\">En 16 mois, le Cameroun paie 57 milliards d\u2019int\u00e9r\u00eats sur son eurobond de 2015<\/a><\/strong><\/p>\n<p>L\u2019article <a rel=\"nofollow\" href=\"https:\/\/ecomatin.net\/refinancementt-de-leurobond-moodys-attribue-b2-auu-cameroun\/\">Refinancement de l\u2019eurobond : Moody\u2019s attribue \u00ab B2 \u00bb au Cameroun<\/a> est apparu en premier sur <a rel=\"nofollow\" href=\"https:\/\/ecomatin.net\/\">EcoMatin<\/a>.<\/p>\n<\/div>\n<p>Auteur: Cedrick JIONGO<br \/>\n<a href=\"https:\/\/ecomatin.net\/refinancementt-de-leurobond-moodys-attribue-b2-auu-cameroun\/\">Cliquez ici pour lire l&rsquo;article depuis sa source.<\/a><\/p>\n","protected":false},"excerpt":{"rendered":"<p>Moody\u2019s Investors Service annonce avoir attribu\u00e9 la note \u00ab\u00a0B2\u00a0\u00bb \u00e0 la derni\u00e8re \u00e9mission obligataire internationale de 685 millions d\u2019euros (soit 450 milliards de FCFA) r\u00e9alis\u00e9e par l\u2019Etat du Cameroun. \u00ab\u00a0B2\u00a0\u00bb c\u2019est le niveau interm\u00e9diaire de la cat\u00e9gorie tr\u00e8s sp\u00e9culatif. Pour bien comprendre ces notations, il faut savoir que 10 cat\u00e9gories existent. Il s\u2019agit en fonction [&hellip;]<\/p>\n","protected":false},"author":1969,"featured_media":0,"comment_status":"closed","ping_status":"closed","sticky":false,"template":"","format":"standard","meta":{"fifu_image_url":"","fifu_image_alt":"","footnotes":""},"categories":[82,78],"tags":[],"class_list":["post-121221","post","type-post","status-publish","format-standard","hentry","category-cameroun","category-economie"],"_links":{"self":[{"href":"https:\/\/linitiative.ca\/International\/wp-json\/wp\/v2\/posts\/121221","targetHints":{"allow":["GET"]}}],"collection":[{"href":"https:\/\/linitiative.ca\/International\/wp-json\/wp\/v2\/posts"}],"about":[{"href":"https:\/\/linitiative.ca\/International\/wp-json\/wp\/v2\/types\/post"}],"author":[{"embeddable":true,"href":"https:\/\/linitiative.ca\/International\/wp-json\/wp\/v2\/users\/1969"}],"replies":[{"embeddable":true,"href":"https:\/\/linitiative.ca\/International\/wp-json\/wp\/v2\/comments?post=121221"}],"version-history":[{"count":0,"href":"https:\/\/linitiative.ca\/International\/wp-json\/wp\/v2\/posts\/121221\/revisions"}],"wp:attachment":[{"href":"https:\/\/linitiative.ca\/International\/wp-json\/wp\/v2\/media?parent=121221"}],"wp:term":[{"taxonomy":"category","embeddable":true,"href":"https:\/\/linitiative.ca\/International\/wp-json\/wp\/v2\/categories?post=121221"},{"taxonomy":"post_tag","embeddable":true,"href":"https:\/\/linitiative.ca\/International\/wp-json\/wp\/v2\/tags?post=121221"}],"curies":[{"name":"wp","href":"https:\/\/api.w.org\/{rel}","templated":true}]}}