{"id":121222,"date":"2021-07-12T13:38:41","date_gmt":"2021-07-12T17:38:41","guid":{"rendered":"https:\/\/linitiative.ca\/International\/reedition-des-comptes-ce-que-les-experts-comptables-reprochent-a-letat-et-aux-ctd\/"},"modified":"2021-07-12T13:38:41","modified_gmt":"2021-07-12T17:38:41","slug":"reedition-des-comptes-ce-que-les-experts-comptables-reprochent-a-letat-et-aux-ctd","status":"publish","type":"post","link":"https:\/\/linitiative.ca\/International\/reedition-des-comptes-ce-que-les-experts-comptables-reprochent-a-letat-et-aux-ctd\/","title":{"rendered":"R\u00e9\u00e9dition des comptes : ce que les experts comptables reprochent \u00e0 l\u2019Etat et aux CTD"},"content":{"rendered":"<div>\n<p>\u00abLa publication des rapports de la Conac et de la Chambre des comptes de la Cour supr\u00eame donne souvent l\u2019occasion de constater qu\u2019il existe un gap important \u00e0 la mise en \u0153uvre des contr\u00f4les\u2026D\u00e9montrant de ce fait une carence de la qualit\u00e9 ou de l\u2019int\u00e9r\u00eat sur les questionnements relatifs \u00e0 la transparence, avec un d\u00e9ficit criard dans la transmission des comptes de gestion \u00e0 la chambre des comptes de la Cour supr\u00eame. Ce qui au final donne un mauvais signal aux investisseurs de ce secteur et aux institutions internationales charg\u00e9es de la gouvernance dans ce domaine, et d\u00e9grade la note du Cameroun dans la mati\u00e8re \u00bb. Leonard Ambassa a jet\u00e9 un pav\u00e9 dans la mare. D\u2019apr\u00e8s le Pr\u00e9sident de l\u2019Ordre national des experts comptables du Cameroun (Onecca), les entreprises publiques, parapubliques, ou les collectivit\u00e9s territoriales d\u00e9centralis\u00e9es ne s\u2019approprient pas suffisamment des services ou de l\u2019expertise des experts comptables, d\u2019o\u00f9 l\u2019existence de nombreux scandales dans la gestion budg\u00e9taire ou des projets.<\/p>\n<p><strong>Lire aussi<\/strong> : <strong><a href=\"https:\/\/ecomatin.net\/expert-comptables-cemac-leonard-ambassa-installe-dans-la-controverse\/\">Expert comptables Cemac : Leonard Ambassa install\u00e9 dans la controverse<\/a><\/strong><\/p>\n<p>L\u2019Onecca met un accent particulier sur les collectivit\u00e9s territoriales d\u00e9centralis\u00e9es, b\u00e9n\u00e9ficiaires de milliers de projets dans le cadre de la d\u00e9centralisation locale ou de la coop\u00e9ration internationale d\u00e9centralis\u00e9e.<\/p>\n<p>\u00abLa nouvelle charte des collectivit\u00e9s territoriales d\u00e9centralis\u00e9es montre bien qu\u2019il existe un nouveau r\u00e9gime de contr\u00f4le et de gouvernance qui a pris place au Cameroun. Elle engage le parlement par voie d\u2019enqu\u00eate, la Chambre des comptes pour la certification des comptes, le Consupe pour les contr\u00f4les internes sur le terrain, les ex\u00e9cutifs communaux au titre des rencontres des organes d\u00e9lib\u00e9rants, o\u00f9 le contr\u00f4le des d\u00e9cisions est assur\u00e9 par les Pr\u00e9fets et les Gouverneurs, les audits qui rel\u00e8veraient du respect des standards et des opinions ind\u00e9pendantes membres de l\u2019Onecca\u00bb, ajoute Roger Nkwantchoa, expert-comptable.<\/p>\n<p><strong>Lire aussi<\/strong> : <strong><a href=\"https:\/\/ecomatin.net\/experts-comptables-le-bureau-de-lordre-declare-illegal-par-le-tpi-de-bonanjo\/\">Experts comptables: le Bureau de l\u2019Ordre d\u00e9clar\u00e9 ill\u00e9gal par le Tpi de Bonanjo<\/a><\/strong><\/p>\n<p>Par cons\u00e9quent, et conform\u00e9ment aux principes \u00e9nonc\u00e9s dans les 7 \u00abstatements membership obligations \u00bb, obligations professionnelles des membres de l\u2019Onecca selon les exigences de l\u2019Ifac (International federation of accountants), reconnues par la loi de 2006 r\u00e9gissant la profession, les experts comptables du Cameroun envisagent mettre en application le principe 5 de ces obligations portant sur \u00abl\u2019accompagnement du secteur public par les membres de l\u2019Ordre professionnel en g\u00e9n\u00e9ral, et de l\u2019Onecca en particulier pour l\u2019\u00c9tat du Cameroun et ses d\u00e9membrements\u00bb. Pour ce regroupement, il s\u2019agit d\u2019un enjeu important qui est de garantir la transparence des finances publiques au Cameroun: \u00abla m\u00e9connaissance de ce d\u00e9fi est \u00e0 l\u2019origine de nombreuses fautes de gestion, tant d\u00e9cri\u00e9es lors des contr\u00f4les d\u2019audit\u00bb, selon L\u00e9onard Ambassa.<\/p>\n<p>Pour \u00e9viter des scandales dans la gestion des fonds issus de la d\u00e9centralisation, l\u2019Onecca a sign\u00e9 en 2020 un Accord de partenariat technique avec le Minist\u00e8re de la d\u00e9centralisation et du d\u00e9veloppement local (Minddevel). En application de cet Accord, l\u2019Onecca a \u00e9t\u00e9 associ\u00e9 \u00e0 25 projets d\u00e9centralis\u00e9s. Peu mais prometteur, estime-t-on \u00e0 l\u2019Onecca : \u00abd\u00e8s lors que ce secteur tr\u00e8s important applique les normes conformes aux standards nationaux, r\u00e9gionaux et internationaux, ses acteurs se donnent plus de chance pour atteindre la performance souhait\u00e9e. Par ce qui transpara\u00eet, ils sont en mesure de lever les ressources indispensables au d\u00e9veloppement local et au bien-\u00eatre de tous citoyens\u00bb, a indiqu\u00e9 pour sa part Andr\u00e9 Mang, autre membre de l\u2019Onecca. La question de l\u2019implication de l\u2019expert-comptable dans la d\u00e9centralisation sera abord\u00e9e lors du 10\u00e8me congr\u00e8s de l\u2019Onecca pr\u00e9vu du 15 au 17 juillet 2021 \u00e0 Ebolowa, sous le th\u00e8me, \u00abla contribution des professionnels de la comptabilit\u00e9 et l\u2019audit \u00e0 la transparence des finances publiques en mati\u00e8re de d\u00e9centralisation au Cameroun\u00bb.<\/p>\n<p><strong>Lire aussi<\/strong> : <strong><a href=\"https:\/\/ecomatin.net\/decentralisation-le-recouvrement-des-impots-par-les-prestataires-prives-locaux-est-interdit\/\">D\u00e9centralisation : le recouvrement des imp\u00f4ts par les prestataires priv\u00e9s locaux est interdit<\/a><\/strong><\/p>\n<p>L\u2019article <a rel=\"nofollow\" href=\"https:\/\/ecomatin.net\/reeditionn-des-comptess-ce-que-les-experts-comptabless-reprochent-a-letat-et-aux-ctd\/\">R\u00e9\u00e9dition des comptes : ce que les experts comptables reprochent \u00e0 l\u2019Etat et aux CTD<\/a> est apparu en premier sur <a rel=\"nofollow\" href=\"https:\/\/ecomatin.net\/\">EcoMatin<\/a>.<\/p>\n<\/div>\n<p>Auteur: Georges Semey<br \/>\n<a href=\"https:\/\/ecomatin.net\/reeditionn-des-comptess-ce-que-les-experts-comptabless-reprochent-a-letat-et-aux-ctd\/\">Cliquez ici pour lire l&rsquo;article depuis sa source.<\/a><\/p>\n","protected":false},"excerpt":{"rendered":"<p>\u00abLa publication des rapports de la Conac et de la Chambre des comptes de la Cour supr\u00eame donne souvent l\u2019occasion de constater qu\u2019il existe un gap important \u00e0 la mise en \u0153uvre des contr\u00f4les\u2026D\u00e9montrant de ce fait une carence de la qualit\u00e9 ou de l\u2019int\u00e9r\u00eat sur les questionnements relatifs \u00e0 la transparence, avec un d\u00e9ficit [&hellip;]<\/p>\n","protected":false},"author":1969,"featured_media":0,"comment_status":"closed","ping_status":"closed","sticky":false,"template":"","format":"standard","meta":{"fifu_image_url":"","fifu_image_alt":"","footnotes":""},"categories":[82,78],"tags":[],"class_list":["post-121222","post","type-post","status-publish","format-standard","hentry","category-cameroun","category-economie"],"_links":{"self":[{"href":"https:\/\/linitiative.ca\/International\/wp-json\/wp\/v2\/posts\/121222","targetHints":{"allow":["GET"]}}],"collection":[{"href":"https:\/\/linitiative.ca\/International\/wp-json\/wp\/v2\/posts"}],"about":[{"href":"https:\/\/linitiative.ca\/International\/wp-json\/wp\/v2\/types\/post"}],"author":[{"embeddable":true,"href":"https:\/\/linitiative.ca\/International\/wp-json\/wp\/v2\/users\/1969"}],"replies":[{"embeddable":true,"href":"https:\/\/linitiative.ca\/International\/wp-json\/wp\/v2\/comments?post=121222"}],"version-history":[{"count":0,"href":"https:\/\/linitiative.ca\/International\/wp-json\/wp\/v2\/posts\/121222\/revisions"}],"wp:attachment":[{"href":"https:\/\/linitiative.ca\/International\/wp-json\/wp\/v2\/media?parent=121222"}],"wp:term":[{"taxonomy":"category","embeddable":true,"href":"https:\/\/linitiative.ca\/International\/wp-json\/wp\/v2\/categories?post=121222"},{"taxonomy":"post_tag","embeddable":true,"href":"https:\/\/linitiative.ca\/International\/wp-json\/wp\/v2\/tags?post=121222"}],"curies":[{"name":"wp","href":"https:\/\/api.w.org\/{rel}","templated":true}]}}